{"id":41401,"date":"2022-02-11T11:24:33","date_gmt":"2022-02-11T17:24:33","guid":{"rendered":"https:\/\/interaccionnoticias.com.mx\/?p=41401"},"modified":"2022-02-11T11:24:44","modified_gmt":"2022-02-11T17:24:44","slug":"nombran-nuevo-obispo-en-la-diocesis-chilpancingo-chilapa","status":"publish","type":"post","link":"https:\/\/www.interaccionnoticias.com.mx\/?p=41401","title":{"rendered":"Nombran nuevo obispo en la Di\u00f3cesis Chilpancingo-Chilapa"},"content":{"rendered":"\n<p><strong><em>&#8211; Se va Salvador Rangel Mendoza, llega Jos\u00e9 de Jes\u00fas Gonz\u00e1lez Hern\u00e1ndez\u00a0<\/em><\/strong><\/p>\n\n\n\n<p><strong><em>&#8211; Durante su permanencia en Guerrero, Salvador Rangel promovi\u00f3 la pacificaci\u00f3n del estado, a partir del dialogo con grupos del crimen organizado<\/em><\/strong><\/p>\n\n\n\n<p><strong>Rogelio Agust\u00edn<\/strong><\/p>\n\n\n\n<p>La Conferencia del Episcopado Mexicano (CEM) confirm\u00f3 el nombramiento de Monse\u00f1or Jos\u00e9 de Jes\u00fas Gonz\u00e1lez Hern\u00e1ndez como obispo de la Di\u00f3cesis Chilpancingo-Chilapa, en sustituci\u00f3n de Salvador Rangel Mendoza, quien lleg\u00f3 a dicha sede diocesana en 2015.<\/p>\n\n\n\n<p>La ma\u00f1ana del viernes 11 de febrero, la Nunciatura Apost\u00f3lica comunic\u00f3 a trav\u00e9s de la Secretar\u00eda General de la Conferencia del Episcopado Mexicano, \u201cque su santidad, el Papa Francisco se ha dignado nombrar Obispo de la Di\u00f3cesis de Chilpancingo Chilapa a Monse\u00f1or Jos\u00e9 de Jes\u00fas Gonzalez Hern\u00e1ndez, de la Orden de Frailes Menores, que al momento se desempe\u00f1a como obispo prelado de El Neyar\u201d.<\/p>\n\n\n\n<p>En la notificaci\u00f3n, se anota que dicha noticia ha sido publicada en L\u2019Osservatore Romano, este 11 de febrero del presente a\u00f1o, a mediod\u00eda en el tiempo de Roma, Italia.<\/p>\n\n\n\n<p>El comunicado cierra: \u201cNos unimos en alegr\u00eda y oraci\u00f3n con la Iglesia que peregrina en la Di\u00f3cesis de Chilpancingo Chilapa y deseamos a Mons. Jos\u00e9 de Jes\u00fas, un fecundo desempe\u00f1o en su nueva encomienda Episcopal que el Se\u00f1or le ha confiado\u201d.<\/p>\n\n\n\n<p>Con el nombramiento cierra el periodo del obispo franciscano Salvador Rangel Mendoza, quien lleg\u00f3 a Guerrero en el a\u00f1o 2015, tras relevar a monse\u00f1or Alejo Zavala Castro.<\/p>\n\n\n\n<p>Salvador Rangel Mendoza lleg\u00f3 a Guerrero a poco menos de un a\u00f1o de que se generara la crispaci\u00f3n social provocada por la desaparici\u00f3n de los 43 estudiantes de la Normal Rural de Ayotzinapa.<\/p>\n\n\n\n<p>Durante varios a\u00f1os, fue promotor del dialogo con integrantes del crimen organizado para generar la pacificaci\u00f3n del Estado, particularmente en la regi\u00f3n Centro y la Monta\u00f1a baja de Guerrero.<\/p>\n\n\n\n<p>En enero pasado, Rangel Mendoza asegur\u00f3 que la zona que controlan \u201cLos Ardillos\u201d es la m\u00e1s segura del estado, tambi\u00e9n puso en duda que dicho grupo fuera responsable del ataque armado registrado en la base de operaciones de la Uni\u00f3n de Pueblos y Organizaciones del Estado de Guerrero (UPOEG), que dej\u00f3 el saldo de seis muertos, entre ellos cuatro autodefensas y dos presuntos sicarios.<\/p>\n\n\n\n<p>En 2017 y 2018 promovi\u00f3 el acercamiento entre los grupos que se disputaban el control de la Sierra, aunque fue vetado por la autodefensa que opera en la cabecera municipal de Heliodoro Castillo, incluso, fue amenazado con ser sometido a proceso de reeducaci\u00f3n.<\/p>\n\n\n\n<p>En varias ocasiones, admiti\u00f3 haber sostenido di\u00e1logos con integrantes del C\u00e1rtel del Sur; del grupo delictivo de Los Rojos y de Los Ardillos.<\/p>\n\n\n\n<p>P\u00fablicamente, dijo que durante la administraci\u00f3n de H\u00e9ctor Astudillo Flores propuso un plan encaminado a generar la pacificaci\u00f3n.<\/p>\n","protected":false},"excerpt":{"rendered":"<p>&#8211; Se va Salvador Rangel Mendoza, llega Jos\u00e9 de Jes\u00fas Gonz\u00e1lez Hern\u00e1ndez\u00a0 &#8211; Durante su permanencia en Guerrero, Salvador Rangel promovi\u00f3 la pacificaci\u00f3n del estado, a partir del dialogo con&hellip; <\/p>\n","protected":false},"author":21,"featured_media":41402,"comment_status":"open","ping_status":"open","sticky":false,"template":"","format":"standard","meta":{"fifu_image_url":"","fifu_image_alt":"","footnotes":""},"categories":[29],"tags":[],"class_list":["post-41401","post","type-post","status-publish","format-standard","has-post-thumbnail","hentry","category-sociedad"],"_links":{"self":[{"href":"https:\/\/www.interaccionnoticias.com.mx\/index.php?rest_route=\/wp\/v2\/posts\/41401","targetHints":{"allow":["GET"]}}],"collection":[{"href":"https:\/\/www.interaccionnoticias.com.mx\/index.php?rest_route=\/wp\/v2\/posts"}],"about":[{"href":"https:\/\/www.interaccionnoticias.com.mx\/index.php?rest_route=\/wp\/v2\/types\/post"}],"author":[{"embeddable":true,"href":"https:\/\/www.interaccionnoticias.com.mx\/index.php?rest_route=\/wp\/v2\/users\/21"}],"replies":[{"embeddable":true,"href":"https:\/\/www.interaccionnoticias.com.mx\/index.php?rest_route=%2Fwp%2Fv2%2Fcomments&post=41401"}],"version-history":[{"count":2,"href":"https:\/\/www.interaccionnoticias.com.mx\/index.php?rest_route=\/wp\/v2\/posts\/41401\/revisions"}],"predecessor-version":[{"id":41404,"href":"https:\/\/www.interaccionnoticias.com.mx\/index.php?rest_route=\/wp\/v2\/posts\/41401\/revisions\/41404"}],"wp:featuredmedia":[{"embeddable":true,"href":"https:\/\/www.interaccionnoticias.com.mx\/index.php?rest_route=\/wp\/v2\/media\/41402"}],"wp:attachment":[{"href":"https:\/\/www.interaccionnoticias.com.mx\/index.php?rest_route=%2Fwp%2Fv2%2Fmedia&parent=41401"}],"wp:term":[{"taxonomy":"category","embeddable":true,"href":"https:\/\/www.interaccionnoticias.com.mx\/index.php?rest_route=%2Fwp%2Fv2%2Fcategories&post=41401"},{"taxonomy":"post_tag","embeddable":true,"href":"https:\/\/www.interaccionnoticias.com.mx\/index.php?rest_route=%2Fwp%2Fv2%2Ftags&post=41401"}],"curies":[{"name":"wp","href":"https:\/\/api.w.org\/{rel}","templated":true}]}}