{"id":41394,"date":"2022-02-11T10:05:25","date_gmt":"2022-02-11T16:05:25","guid":{"rendered":"https:\/\/interaccionnoticias.com.mx\/?p=41394"},"modified":"2022-02-11T10:05:29","modified_gmt":"2022-02-11T16:05:29","slug":"a-golpes-se-enfrentan-la-fiscal-de-guerrero-y-su-director-de-recursos-humanos","status":"publish","type":"post","link":"https:\/\/www.interaccionnoticias.com.mx\/?p=41394","title":{"rendered":"A golpes, se enfrentan la Fiscal de Guerrero y su director de Recursos Humanos"},"content":{"rendered":"\n<p><strong><em>&#8211; El pleito motiva la intervenci\u00f3n de la Comisi\u00f3n de Derechos Humanos\u00a0<br>&#8211; Preocupa al Congreso de Guerrero la informaci\u00f3n sobre el hecho\u00a0\u00a0<\/em><\/strong><\/p>\n\n\n\n<p><strong>Rogelio Agust\u00edn<\/strong><\/p>\n\n\n\n<p>La noche del jueves, la Teniente Coronel Sandra Luz Valdovinos Salmer\u00f3n, titular de la Fiscal\u00eda General del Estado (FGE) sostuvo un pleito a golpes con Marvilla Alicia Melo Vela, directora de Recursos Humanos de la misma instituci\u00f3n, lo que motiv\u00f3 la intervenci\u00f3n de la Comisi\u00f3n de Derechos Humanos del Estado de Guerrero (CDHEG).<\/p>\n\n\n\n<p>La informaci\u00f3n trascendi\u00f3 primero a trav\u00e9s de las redes sociales, a partir de publicaciones que hicieron trabajadores de la dependencia, que se encontraban en el momento en que se suscit\u00f3 el pleito.<\/p>\n\n\n\n<p>En el transcurso de la noche del jueves y madrugada del viernes, se tuvo la confirmaci\u00f3n por parte de funcionarios del Gobierno de Guerrero y de la propia CDHEG, que pidieron que sus identidades se mantuvieran bajo reserva.<\/p>\n\n\n\n<p>De acuerdo con la informaci\u00f3n, el origen del diferendo es el pago de un bono de riesgo que reclaman los trabajadores basificados de la FGE, pero que hasta el momento no se cubre y que durante los pr\u00f3ximos d\u00edas puede generar actos de protesta.<\/p>\n\n\n\n<p>La titular de la FGE habr\u00eda planteado cambiar la adscripci\u00f3n de la directora de Recursos Humanos, de Chilpancingo hacia Huitzuco de los Figueroa, con el rango de trabajadora administrativa, lo que la todav\u00eda funcionaria interpret\u00f3 como un castigo.<\/p>\n\n\n\n<p>Se gener\u00f3 un intercambio de palabras, luego se desataron algunos golpes y de acuerdo con trabajadores, la situaci\u00f3n se tens\u00f3 al nivel que el equipo de seguridad de la fiscal, integrado por elementos del Ej\u00e9rcito Mexicano tuvieron que intervenir.<\/p>\n\n\n\n<p>En las redes sociales se mencion\u00f3 que la funcionaria Marvilla Melo fue detenida primero en una oficina, luego llevada a los separos de la Polic\u00eda Investigadora Ministerial, lo que motiv\u00f3 la intervenci\u00f3n de la Comisi\u00f3n de Derechos Humanos del Estado de Guerrero (CDHEG), para verificar la situaci\u00f3n en que se encontraba y facilitar su liberaci\u00f3n.<\/p>\n\n\n\n<p>Se supo que en el transcurso de la noche se present\u00f3 un documento de queja ante la CDHEG.<\/p>\n\n\n\n<p>Fuentes del Gobierno del Estado confirmaron el enfrentamiento y manifestaron su preocupaci\u00f3n por lo sucedido, pero pidieron omitir la identidad.<\/p>\n\n\n\n<p>El presidente de la Junta de Coordinaci\u00f3n Pol\u00edtica (Jucopo) del Congreso local, Alfredo S\u00e1nchez Esquivel manifest\u00f3 su preocupaci\u00f3n por la informaci\u00f3n sobre el hecho, aunque anticip\u00f3 que esperar\u00eda a tener m\u00e1s elementos sobre lo ocurrido.<\/p>\n\n\n\n<p>Indic\u00f3 que al Congreso le preocupa lo que pasa en la FGE, si se toma en cuenta que es la soberan\u00eda popular la que realiza el nombramiento del titular en el \u00f3rgano encarado de la persecuci\u00f3n de los delitos.&nbsp;&nbsp; &nbsp; &nbsp; &nbsp; &nbsp;<\/p>\n\n\n\n<p>La licenciada Melo Vela, a convocado para una conferencia de prensa que se realizar\u00e1 antes del mediod\u00eda de este viernes en el puerto de Acapulco, al parece para dar su versi\u00f3n de los hechos.<\/p>\n","protected":false},"excerpt":{"rendered":"<p>&#8211; El pleito motiva la intervenci\u00f3n de la Comisi\u00f3n de Derechos Humanos\u00a0&#8211; Preocupa al Congreso de Guerrero la informaci\u00f3n sobre el hecho\u00a0\u00a0 Rogelio Agust\u00edn La noche del jueves, la Teniente&hellip; <\/p>\n","protected":false},"author":21,"featured_media":41395,"comment_status":"open","ping_status":"open","sticky":false,"template":"","format":"standard","meta":{"fifu_image_url":"","fifu_image_alt":"","footnotes":""},"categories":[27],"tags":[],"class_list":["post-41394","post","type-post","status-publish","format-standard","has-post-thumbnail","hentry","category-seguridad-publica"],"_links":{"self":[{"href":"https:\/\/www.interaccionnoticias.com.mx\/index.php?rest_route=\/wp\/v2\/posts\/41394","targetHints":{"allow":["GET"]}}],"collection":[{"href":"https:\/\/www.interaccionnoticias.com.mx\/index.php?rest_route=\/wp\/v2\/posts"}],"about":[{"href":"https:\/\/www.interaccionnoticias.com.mx\/index.php?rest_route=\/wp\/v2\/types\/post"}],"author":[{"embeddable":true,"href":"https:\/\/www.interaccionnoticias.com.mx\/index.php?rest_route=\/wp\/v2\/users\/21"}],"replies":[{"embeddable":true,"href":"https:\/\/www.interaccionnoticias.com.mx\/index.php?rest_route=%2Fwp%2Fv2%2Fcomments&post=41394"}],"version-history":[{"count":1,"href":"https:\/\/www.interaccionnoticias.com.mx\/index.php?rest_route=\/wp\/v2\/posts\/41394\/revisions"}],"predecessor-version":[{"id":41396,"href":"https:\/\/www.interaccionnoticias.com.mx\/index.php?rest_route=\/wp\/v2\/posts\/41394\/revisions\/41396"}],"wp:featuredmedia":[{"embeddable":true,"href":"https:\/\/www.interaccionnoticias.com.mx\/index.php?rest_route=\/wp\/v2\/media\/41395"}],"wp:attachment":[{"href":"https:\/\/www.interaccionnoticias.com.mx\/index.php?rest_route=%2Fwp%2Fv2%2Fmedia&parent=41394"}],"wp:term":[{"taxonomy":"category","embeddable":true,"href":"https:\/\/www.interaccionnoticias.com.mx\/index.php?rest_route=%2Fwp%2Fv2%2Fcategories&post=41394"},{"taxonomy":"post_tag","embeddable":true,"href":"https:\/\/www.interaccionnoticias.com.mx\/index.php?rest_route=%2Fwp%2Fv2%2Ftags&post=41394"}],"curies":[{"name":"wp","href":"https:\/\/api.w.org\/{rel}","templated":true}]}}