{"id":41389,"date":"2022-02-10T21:31:56","date_gmt":"2022-02-11T03:31:56","guid":{"rendered":"https:\/\/interaccionnoticias.com.mx\/?p=41389"},"modified":"2022-02-10T21:32:00","modified_gmt":"2022-02-11T03:32:00","slug":"cdheg-participo-en-trabajos-de-busqueda-de-restos-de-menor-en-tixtla","status":"publish","type":"post","link":"https:\/\/www.interaccionnoticias.com.mx\/?p=41389","title":{"rendered":"\u00abCDHEG PARTICIP\u00d3 EN TRABAJOS DE B\u00daSQUEDA DE RESTOS DE MENOR EN TIXTLA\u00bb"},"content":{"rendered":"\n<p><strong>#DerechosHumanosGuerrero<\/strong><\/p>\n\n\n\n<p><strong>\u00abLa Comisi\u00f3n cerca de t\u00ed\u2026\u00bb<\/strong><\/p>\n\n\n\n<p><strong>Tixtla, Guerrero, febrero 10 d<\/strong>e 2022. El d\u00eda de hoy concluy\u00f3 la jornada de b\u00fasqueda de restos \u00f3seos de la menor Ayelin I. Guti\u00e9rrez Marcelo.<\/p>\n\n\n\n<p>La Comisi\u00f3n de los Derechos Humanos del Estado de Guerrero (CDHEG), encabezada por su Presidenta Cecilia Narciso Gayt\u00e1n, particip\u00f3 junto con visitadores del Organismo durante los cuatro d\u00edas de intenso trabajo, coordinando esfuerzos con la Fiscal\u00eda General del Estado, el Observatorio Ciudadano Nacional del Feminicidio, la Comisi\u00f3n Estatal de B\u00fasqueda de Personas y colectivos de buscadoras.<\/p>\n\n\n\n<p>Para concluir los trabajos de b\u00fasqueda, el d\u00eda de hoy se instal\u00f3 un antimonumento en el z\u00f3calo de Tixtla, exigiendo justicia y castigo para los responsables.<\/p>\n\n\n\n<p>La Ombudsperson Guerrerense, que estuvo presente en las actividades de b\u00fasqueda, tambi\u00e9n sostuvo una reuni\u00f3n con Mois\u00e9s Antonio Gonz\u00e1lez Caba\u00f1as, Presidente Municipal de Tixtla y con la madre de la menor, con quienes acord\u00f3 una reuni\u00f3n la pr\u00f3xima semana para continuar con la exigencia de los agraviados a qu\u00e9 se les garantice el derecho de acceso a la justicia.<\/p>\n","protected":false},"excerpt":{"rendered":"<p>#DerechosHumanosGuerrero \u00abLa Comisi\u00f3n cerca de t\u00ed\u2026\u00bb Tixtla, Guerrero, febrero 10 de 2022. El d\u00eda de hoy concluy\u00f3 la jornada de b\u00fasqueda de restos \u00f3seos de la menor Ayelin I. Guti\u00e9rrez&hellip; <\/p>\n","protected":false},"author":19,"featured_media":41390,"comment_status":"open","ping_status":"open","sticky":false,"template":"","format":"standard","meta":{"fifu_image_url":"","fifu_image_alt":"","footnotes":""},"categories":[29],"tags":[],"class_list":["post-41389","post","type-post","status-publish","format-standard","has-post-thumbnail","hentry","category-sociedad"],"_links":{"self":[{"href":"https:\/\/www.interaccionnoticias.com.mx\/index.php?rest_route=\/wp\/v2\/posts\/41389","targetHints":{"allow":["GET"]}}],"collection":[{"href":"https:\/\/www.interaccionnoticias.com.mx\/index.php?rest_route=\/wp\/v2\/posts"}],"about":[{"href":"https:\/\/www.interaccionnoticias.com.mx\/index.php?rest_route=\/wp\/v2\/types\/post"}],"author":[{"embeddable":true,"href":"https:\/\/www.interaccionnoticias.com.mx\/index.php?rest_route=\/wp\/v2\/users\/19"}],"replies":[{"embeddable":true,"href":"https:\/\/www.interaccionnoticias.com.mx\/index.php?rest_route=%2Fwp%2Fv2%2Fcomments&post=41389"}],"version-history":[{"count":1,"href":"https:\/\/www.interaccionnoticias.com.mx\/index.php?rest_route=\/wp\/v2\/posts\/41389\/revisions"}],"predecessor-version":[{"id":41391,"href":"https:\/\/www.interaccionnoticias.com.mx\/index.php?rest_route=\/wp\/v2\/posts\/41389\/revisions\/41391"}],"wp:featuredmedia":[{"embeddable":true,"href":"https:\/\/www.interaccionnoticias.com.mx\/index.php?rest_route=\/wp\/v2\/media\/41390"}],"wp:attachment":[{"href":"https:\/\/www.interaccionnoticias.com.mx\/index.php?rest_route=%2Fwp%2Fv2%2Fmedia&parent=41389"}],"wp:term":[{"taxonomy":"category","embeddable":true,"href":"https:\/\/www.interaccionnoticias.com.mx\/index.php?rest_route=%2Fwp%2Fv2%2Fcategories&post=41389"},{"taxonomy":"post_tag","embeddable":true,"href":"https:\/\/www.interaccionnoticias.com.mx\/index.php?rest_route=%2Fwp%2Fv2%2Ftags&post=41389"}],"curies":[{"name":"wp","href":"https:\/\/api.w.org\/{rel}","templated":true}]}}