{"id":41384,"date":"2022-02-10T17:05:39","date_gmt":"2022-02-10T23:05:39","guid":{"rendered":"https:\/\/interaccionnoticias.com.mx\/?p=41384"},"modified":"2022-02-10T17:05:43","modified_gmt":"2022-02-10T23:05:43","slug":"pediran-la-revocacion-de-mandato-de-abelina-lopez-en-acapulco","status":"publish","type":"post","link":"https:\/\/www.interaccionnoticias.com.mx\/?p=41384","title":{"rendered":"Pedir\u00e1n la revocaci\u00f3n de mandato de Abelina L\u00f3pez en Acapulco"},"content":{"rendered":"\n<p><strong><em>&#8211; Acusa despido de trabajadores de lista de raya, sin ning\u00fan derecho<br>&#8211; Son empleados que ten\u00edan 15, 20 y hasta 25 a\u00f1os laborando<\/em><\/strong><\/p>\n\n\n\n<p><strong>Javier Trujillo<\/strong><\/p>\n\n\n\n<p><strong>Acapulco, Gro. \u2013 <\/strong>Habitantes de las colonias de Acapulco, encabezados por Rogelio Hern\u00e1ndez Cruz, reclam\u00f3 la falta de solidaridad con m\u00e1s 45 trabajadores de lista de raya que fueron despedidos, sin liquidaci\u00f3n.<\/p>\n\n\n\n<p>\u201cPedirla a la presidente, Abelina L\u00f3pez, desde que lleg\u00f3 a la presidencia municipal, se dio el despido masivo de los trabajadores del ayuntamiento que estaban en lista de raya con 15, 20 y hasta 25 a\u00f1os de antig\u00fcedad, los despidieron sin justificaci\u00f3n alguna y pretenden darles dos y tres mil pesos.<\/p>\n\n\n\n<p>\u201cAunque mantiene una lista de personas de confianza que cobran en las listas de raya, y no a quienes trabajan en \u00e1reas verdes, servicios p\u00fablicos municipales, en todas las \u00e1reas de la comuna porte\u00f1a\u201d, dijo Rogelio Hern\u00e1ndez.<\/p>\n\n\n\n<p>Amagan con realizar un plant\u00f3n en forma definitiva en el ayuntamiento de Acapulco, para que atienda y reinstale a los empleados que han sido despedido indebidamente, as\u00ed como obras y servicios p\u00fablicos que su gobierno ha incumplido, en los m\u00e1s de cien d\u00edas de gobierno.<\/p>\n\n\n\n<p>\u201cEn caso de que se niegue, seguiremos una lucha y pediremos la revocaci\u00f3n de mandato de la presidente municipal, Abelina L\u00f3pez, porque ni oye los reclamos por las carencias en los servicios y hasta el agua potable.<\/p>\n\n\n\n<p>\u201cAdem\u00e1s, cuando la alcaldesa habla no dice cosas coherentes, y queremos pedirle que evite las marchas, que evite los bloqueos y las manifestaciones, nadie sale a manifestarse por gusto\u201d, reiter\u00f3.<\/p>\n\n\n\n<p>Al tiempo que reclam\u00f3 a la alcaldesa Abelina L\u00f3pez Rodr\u00edguez, la falta de responsabilidad de funcionarios de su gobierno, en todas las poblaciones y colonias del municipio costero.<\/p>\n\n\n\n<p>Hern\u00e1ndez Cruz, pidi\u00f3 que atiendan los reclamos de los ciudadanos para que haya una mejor seguridad.<\/p>\n","protected":false},"excerpt":{"rendered":"<p>&#8211; Acusa despido de trabajadores de lista de raya, sin ning\u00fan derecho&#8211; Son empleados que ten\u00edan 15, 20 y hasta 25 a\u00f1os laborando Javier Trujillo Acapulco, Gro. \u2013 Habitantes de&hellip; <\/p>\n","protected":false},"author":3,"featured_media":41385,"comment_status":"open","ping_status":"open","sticky":false,"template":"","format":"standard","meta":{"fifu_image_url":"","fifu_image_alt":"","footnotes":""},"categories":[23],"tags":[],"class_list":["post-41384","post","type-post","status-publish","format-standard","has-post-thumbnail","hentry","category-regionales"],"_links":{"self":[{"href":"https:\/\/www.interaccionnoticias.com.mx\/index.php?rest_route=\/wp\/v2\/posts\/41384","targetHints":{"allow":["GET"]}}],"collection":[{"href":"https:\/\/www.interaccionnoticias.com.mx\/index.php?rest_route=\/wp\/v2\/posts"}],"about":[{"href":"https:\/\/www.interaccionnoticias.com.mx\/index.php?rest_route=\/wp\/v2\/types\/post"}],"author":[{"embeddable":true,"href":"https:\/\/www.interaccionnoticias.com.mx\/index.php?rest_route=\/wp\/v2\/users\/3"}],"replies":[{"embeddable":true,"href":"https:\/\/www.interaccionnoticias.com.mx\/index.php?rest_route=%2Fwp%2Fv2%2Fcomments&post=41384"}],"version-history":[{"count":1,"href":"https:\/\/www.interaccionnoticias.com.mx\/index.php?rest_route=\/wp\/v2\/posts\/41384\/revisions"}],"predecessor-version":[{"id":41386,"href":"https:\/\/www.interaccionnoticias.com.mx\/index.php?rest_route=\/wp\/v2\/posts\/41384\/revisions\/41386"}],"wp:featuredmedia":[{"embeddable":true,"href":"https:\/\/www.interaccionnoticias.com.mx\/index.php?rest_route=\/wp\/v2\/media\/41385"}],"wp:attachment":[{"href":"https:\/\/www.interaccionnoticias.com.mx\/index.php?rest_route=%2Fwp%2Fv2%2Fmedia&parent=41384"}],"wp:term":[{"taxonomy":"category","embeddable":true,"href":"https:\/\/www.interaccionnoticias.com.mx\/index.php?rest_route=%2Fwp%2Fv2%2Fcategories&post=41384"},{"taxonomy":"post_tag","embeddable":true,"href":"https:\/\/www.interaccionnoticias.com.mx\/index.php?rest_route=%2Fwp%2Fv2%2Ftags&post=41384"}],"curies":[{"name":"wp","href":"https:\/\/api.w.org\/{rel}","templated":true}]}}