{"id":41382,"date":"2022-02-10T14:43:09","date_gmt":"2022-02-10T20:43:09","guid":{"rendered":"https:\/\/interaccionnoticias.com.mx\/?p=41382"},"modified":"2022-02-10T14:43:14","modified_gmt":"2022-02-10T20:43:14","slug":"el-mensaje-del-gobierno-para-la-normal-de-ayotzinapa","status":"publish","type":"post","link":"https:\/\/www.interaccionnoticias.com.mx\/?p=41382","title":{"rendered":"El mensaje del Gobierno, para la Normal de Ayotzinapa"},"content":{"rendered":"\n<p>Tinta Jur\u00eddica Por Dr. Trinidad Zamacona L\u00f3pez.<\/p>\n\n\n\n<p>\u00abLa soluci\u00f3n de los grandes problemas, no est\u00e1 en quien los reclame con mayor violencia, sino en quien los resuelva por la mejor v\u00eda, el dialogo\u00bb<\/p>\n\n\n\n<p>Si los j\u00f3venes de la Escuela Normal Rural de Ayotzinapa, ten\u00edan la intenci\u00f3n de llamar la atenci\u00f3n del gobierno con lo que hicieron en la casta de palo blanco, pues ya lo lograron.<\/p>\n\n\n\n<p>Aunque hay que decirlo, el mensaje fue un poco lejos de extender la mano, fue desde mi punto de vista, el de justificar el actuar.<\/p>\n\n\n\n<p>El Presidente Andr\u00e9s Manuel L\u00f3pez Obrador, manifest\u00f3 que \u201cel crimen infiltr\u00f3 el movimiento de normalistas\u201d la pregunta ser\u00eda \u00bfC\u00f3mo para que el crimen se infiltr\u00f3 en ese movimiento, y desde cu\u00e1ndo? Quiz\u00e1s el mismo mandatario tiene las respuestas a estas preguntas.<\/p>\n\n\n\n<p>Lo que expres\u00f3 el mandatario federal fue en este sentido, \u201cYo quiero hacer un llamado a los muchachos de la normal de Ayotzinapa para que ya no act\u00faen de esa forma porque afectan, ponen en riesgo la vida de otras personas, entonces que dialoguen; he dado la instrucci\u00f3n que los reciban, que haya di\u00e1logo porque tambi\u00e9n tenemos informaci\u00f3n de que hay gente dedicada a actividades il\u00edcitas, infiltradas en este movimiento\u201d.<\/p>\n\n\n\n<p>Si es as\u00ed, es grave, que el gobierno tenga esos datos y no ponga atenci\u00f3n para prevenir otros actos como los de Iguala de la Independencia; muchos diarios a nivel nacional as\u00ed lo registraron en sus primeras planas. Otra pregunta ser\u00eda \u00bflo que dijo L\u00f3pez Obrador, abona a la paz en Guerrero, y m\u00e1s con los alumnos de la Escuela Normal, Ra\u00fal Isidro Burgos?<\/p>\n\n\n\n<p>Pero tambi\u00e9n hay que reconocer que el Presidente \u2013L\u00f3pez Obrador- ofreci\u00f3 \u201cno habr\u00e1 mano dura ni represi\u00f3n ni garrote como lo piden los conservadores, debido a que ya no es como cuando estaba Garc\u00eda Luna al mando de la seguridad p\u00fablica del pa\u00eds\u201d. Esto es lo m\u00e1s importante para los padres de los 43 y en especial para los alumnos, la no represi\u00f3n es un anuncio anticipado a que no habr\u00e1 encarcelados, es como un indulto, o bien un tipo de amnist\u00eda anticipada. La pregunta tambi\u00e9n ser\u00eda \u00bfy la justicia, y la reparaci\u00f3n de los da\u00f1os, o bien los delitos que se cometieron? As\u00ed o m\u00e1s clara la impunidad.<\/p>\n\n\n\n<p>Adem\u00e1s el mandatario destac\u00f3 que s\u00ed se trata de falta de dinero porque son estudiantes pobres y por eso toman las casetas, hay becas y tienen derecho a ellas. Pues si ya las est\u00e1n ofreciendo que las tomen, quiz\u00e1s sea una soluci\u00f3n temporal, pero que no pongan de pretextos de que hacen este tipo de actividades por falta de recursos; es un internado, tienen desayuno, almuerzo, comida y cena; esto por fuentes fidedignas que est\u00e1n inmersos ah\u00ed, y otros que dan clases en dicho internado; tienen todas las comodidades, existe una alberca, canchas de deportes, \u00e1reas recreativas, adem\u00e1s de las \u00e1reas de cultivo, a eso se le llama escases de recursos, quiz\u00e1s no.<\/p>\n\n\n\n<p>Quien coincidi\u00f3 con lo declarado por el Presidente de M\u00e9xico, fue el exfiscal del estado de Guerrero, en el gobierno de \u00c1ngel Aguirre, I\u00f1aki Blanco Cabrera, dijo que coincide con las declaraciones del mandatario federal Andr\u00e9s Manuel L\u00f3pez Obrador, de que los movimientos de los estudiantes de Ayotzinapa pueden estar infiltrados por la delincuencia organizada. Esta declaraci\u00f3n la dio en la entrevista con Pascal Beltr\u00e1n del R\u00edo, para Imagen Radio; si alguien sabe sobre este asunto tambi\u00e9n es el Ex Centro de Inteligencia y Seguridad Nacional (CISEN) as\u00ed lo expres\u00f3 el exfuncionario.<\/p>\n\n\n\n<p>Sin embargo todas estas declaraciones iban a tener repercusiones en Guerrero, y el que se manifest\u00f3 fue el director del Centro de Derechos Humanos de la Monta\u00f1a (Tlachinollan), Abel Barrera Hern\u00e1ndez, quien dijo con respecto a lo que declar\u00f3 el mandatario federal de que la Normal Rural de Ayotzinapa est\u00e1 infiltrada por la delincuencia organizada, \u201ceso es parte de la guerra sucia de los grupos pol\u00edticos y econ\u00f3micos para desacreditar la lucha que han tenido que librar los normalistas\u201d, pero adem\u00e1s agrego \u201cson estos grupos y no la delincuencia organizada los que a trav\u00e9s del Ejercito mexicano han infiltrado el movimiento de la normal, como una estrategia de contrainsurgencia\u201d otra l\u00ednea que se debe de investigar porque incluso dijo que esos infiltrados est\u00e1n matriculados; si es as\u00ed tambi\u00e9n es grave que el gobierno utilice a las fuerzas castrenses para espiar los movimientos sociales en el pa\u00eds o en Guerrero, declaraciones que registro el peri\u00f3dico el Sur.<\/p>\n\n\n\n<p>M\u00e1s tarde la propia Comisi\u00f3n Nacional de los Derechos Humanos, convoc\u00f3 a la Normal Rural Ra\u00fal Isidro Burgos, a los padres de los 43 a las autoridades del Estado y de la Federaci\u00f3n, para entablar una mesa de dialogo en busca de la paz. Si se\u00f1ores la misma que dijo antes del zafarrancho de que se les hab\u00eda coartado la libertad de manifestaci\u00f3n, ahora los invita a dialogar.<\/p>\n\n\n\n<p>La dirigencia de la Escuela Normal Rural de Ayotzinapa, debe de tomarles la palabra a las autoridades, sentarse a dialogar con todas ellas, inviten a cuanto pacificador se les antoje, pero h\u00e1ganlo, Guerrero espera que la paz no se pida con violencia, sino con inteligencia, el Presidente debe de reunirse e informar c\u00f3mo va el caso de la investigaci\u00f3n de la desaparici\u00f3n de los 43.<\/p>\n\n\n\n<p>El gobierno del Estado, tambi\u00e9n debe de abonarle a la paz, nadie quiere m\u00e1s violencia, vivimos del turismo y es al que m\u00e1s afectamos con esa acciones; la paz comienza con el dialogo, con acuerdos pero sobre todo con respeto. \u201cLa paz no es solamente nuestro objetivo final, sino tambi\u00e9n la \u00fanica manera en que lograremos nuestro objetivo. Martin Luther King.<\/p>\n","protected":false},"excerpt":{"rendered":"<p>Tinta Jur\u00eddica Por Dr. Trinidad Zamacona L\u00f3pez. \u00abLa soluci\u00f3n de los grandes problemas, no est\u00e1 en quien los reclame con mayor violencia, sino en quien los resuelva por la mejor&hellip; <\/p>\n","protected":false},"author":24,"featured_media":39128,"comment_status":"open","ping_status":"open","sticky":false,"template":"","format":"standard","meta":{"fifu_image_url":"","fifu_image_alt":"","footnotes":""},"categories":[16],"tags":[],"class_list":["post-41382","post","type-post","status-publish","format-standard","has-post-thumbnail","hentry","category-opinion"],"_links":{"self":[{"href":"https:\/\/www.interaccionnoticias.com.mx\/index.php?rest_route=\/wp\/v2\/posts\/41382","targetHints":{"allow":["GET"]}}],"collection":[{"href":"https:\/\/www.interaccionnoticias.com.mx\/index.php?rest_route=\/wp\/v2\/posts"}],"about":[{"href":"https:\/\/www.interaccionnoticias.com.mx\/index.php?rest_route=\/wp\/v2\/types\/post"}],"author":[{"embeddable":true,"href":"https:\/\/www.interaccionnoticias.com.mx\/index.php?rest_route=\/wp\/v2\/users\/24"}],"replies":[{"embeddable":true,"href":"https:\/\/www.interaccionnoticias.com.mx\/index.php?rest_route=%2Fwp%2Fv2%2Fcomments&post=41382"}],"version-history":[{"count":1,"href":"https:\/\/www.interaccionnoticias.com.mx\/index.php?rest_route=\/wp\/v2\/posts\/41382\/revisions"}],"predecessor-version":[{"id":41383,"href":"https:\/\/www.interaccionnoticias.com.mx\/index.php?rest_route=\/wp\/v2\/posts\/41382\/revisions\/41383"}],"wp:featuredmedia":[{"embeddable":true,"href":"https:\/\/www.interaccionnoticias.com.mx\/index.php?rest_route=\/wp\/v2\/media\/39128"}],"wp:attachment":[{"href":"https:\/\/www.interaccionnoticias.com.mx\/index.php?rest_route=%2Fwp%2Fv2%2Fmedia&parent=41382"}],"wp:term":[{"taxonomy":"category","embeddable":true,"href":"https:\/\/www.interaccionnoticias.com.mx\/index.php?rest_route=%2Fwp%2Fv2%2Fcategories&post=41382"},{"taxonomy":"post_tag","embeddable":true,"href":"https:\/\/www.interaccionnoticias.com.mx\/index.php?rest_route=%2Fwp%2Fv2%2Ftags&post=41382"}],"curies":[{"name":"wp","href":"https:\/\/api.w.org\/{rel}","templated":true}]}}