{"id":41345,"date":"2022-02-09T21:30:08","date_gmt":"2022-02-10T03:30:08","guid":{"rendered":"https:\/\/interaccionnoticias.com.mx\/?p=41345"},"modified":"2022-02-09T21:30:13","modified_gmt":"2022-02-10T03:30:13","slug":"asesinan-a-empleado-de-negocio","status":"publish","type":"post","link":"https:\/\/www.interaccionnoticias.com.mx\/?p=41345","title":{"rendered":"Asesinan a empleado de negocio"},"content":{"rendered":"\n<p><strong><em>&#8211; Hechos en pleno centro de Acapulco<br>&#8211; Solitario hombre, asesin\u00f3 a trabajador<\/em><\/strong><\/p>\n\n\n\n<p><strong>Javier Trujillo<\/strong><\/p>\n\n\n\n<p><strong>Acapulco,\u00a0 Gro.- <\/strong>La noche de este mi\u00e9rcoles, un solitario sujeto baj\u00f3 de un autom\u00f3vil, en el z\u00f3calo de Acapulco, entr\u00f3 al negocio de telefon\u00eda celular y dispar\u00f3 su arma contra un empleado, para asesinarlo a balazos.<\/p>\n\n\n\n<p>De inmediato los empleados del negocio con raz\u00f3n social \u00abCompucel\u00bb, bajaron las cortinas del negocio y esperaron hasta la llegada de agentes de la Polic\u00eda Ministerial y otras autoridades.<\/p>\n\n\n\n<p>Testigos de los hechos, revelaron que un solitario hombre baj\u00f3 de un veh\u00edculo azul con blanco, ingres\u00f3 al local y abri\u00f3 fuego contra el empleado.<\/p>\n\n\n\n<p>El agresor, regreso a la Unidad y sali\u00f3 huyendo. En seguida, los empleados cerraron la cortina del negocio, hasta que lleg\u00f3 la PIM.<\/p>\n\n\n\n<p>Cabe mencionar que en el mismo negocio de celulares, el pasado 4 de noviembre del 2021, fue asesinado de la misma forma otro empleado.<\/p>\n\n\n\n<p>Aunque no se confirm\u00f3, empleados del lugar, aseguran que se trata del hermano de la primera v\u00edctima ultimada a balazos el a\u00f1o pasado.<\/p>\n","protected":false},"excerpt":{"rendered":"<p>&#8211; Hechos en pleno centro de Acapulco&#8211; Solitario hombre, asesin\u00f3 a trabajador Javier Trujillo Acapulco,\u00a0 Gro.- La noche de este mi\u00e9rcoles, un solitario sujeto baj\u00f3 de un autom\u00f3vil, en el&hellip; <\/p>\n","protected":false},"author":3,"featured_media":41346,"comment_status":"open","ping_status":"open","sticky":false,"template":"","format":"standard","meta":{"fifu_image_url":"","fifu_image_alt":"","footnotes":""},"categories":[27],"tags":[],"class_list":["post-41345","post","type-post","status-publish","format-standard","has-post-thumbnail","hentry","category-seguridad-publica"],"_links":{"self":[{"href":"https:\/\/www.interaccionnoticias.com.mx\/index.php?rest_route=\/wp\/v2\/posts\/41345","targetHints":{"allow":["GET"]}}],"collection":[{"href":"https:\/\/www.interaccionnoticias.com.mx\/index.php?rest_route=\/wp\/v2\/posts"}],"about":[{"href":"https:\/\/www.interaccionnoticias.com.mx\/index.php?rest_route=\/wp\/v2\/types\/post"}],"author":[{"embeddable":true,"href":"https:\/\/www.interaccionnoticias.com.mx\/index.php?rest_route=\/wp\/v2\/users\/3"}],"replies":[{"embeddable":true,"href":"https:\/\/www.interaccionnoticias.com.mx\/index.php?rest_route=%2Fwp%2Fv2%2Fcomments&post=41345"}],"version-history":[{"count":1,"href":"https:\/\/www.interaccionnoticias.com.mx\/index.php?rest_route=\/wp\/v2\/posts\/41345\/revisions"}],"predecessor-version":[{"id":41347,"href":"https:\/\/www.interaccionnoticias.com.mx\/index.php?rest_route=\/wp\/v2\/posts\/41345\/revisions\/41347"}],"wp:featuredmedia":[{"embeddable":true,"href":"https:\/\/www.interaccionnoticias.com.mx\/index.php?rest_route=\/wp\/v2\/media\/41346"}],"wp:attachment":[{"href":"https:\/\/www.interaccionnoticias.com.mx\/index.php?rest_route=%2Fwp%2Fv2%2Fmedia&parent=41345"}],"wp:term":[{"taxonomy":"category","embeddable":true,"href":"https:\/\/www.interaccionnoticias.com.mx\/index.php?rest_route=%2Fwp%2Fv2%2Fcategories&post=41345"},{"taxonomy":"post_tag","embeddable":true,"href":"https:\/\/www.interaccionnoticias.com.mx\/index.php?rest_route=%2Fwp%2Fv2%2Ftags&post=41345"}],"curies":[{"name":"wp","href":"https:\/\/api.w.org\/{rel}","templated":true}]}}