{"id":41334,"date":"2022-02-09T19:36:56","date_gmt":"2022-02-10T01:36:56","guid":{"rendered":"https:\/\/interaccionnoticias.com.mx\/?p=41334"},"modified":"2022-02-09T19:37:00","modified_gmt":"2022-02-10T01:37:00","slug":"llama-gpprd-a-la-jucopo-para-que-sean-nombrados-los-titulares-de-los-organos-tecnicos-y-administrativos","status":"publish","type":"post","link":"https:\/\/www.interaccionnoticias.com.mx\/?p=41334","title":{"rendered":"Llama GPPRD a la Jucopo para que sean nombrados los titulares de los \u00f3rganos t\u00e9cnicos y administrativos"},"content":{"rendered":"\n<p><strong><em>&#8211; La Comisi\u00f3n Permanente aprob\u00f3 por unanimidad exhorto en la sesi\u00f3n de este mi\u00e9rcoles<\/em><\/strong><\/p>\n\n\n\n<p><strong>Chilpancingo, Guerrero, 9 de febrero de 2022.- <\/strong>Por unanimidad fue aprobado por las y los diputados de la Comisi\u00f3n Permanente de la 63 Legislatura como asunto de urgente y obvia resoluci\u00f3n el exhorto a la Junta de Coordinaci\u00f3n Pol\u00edtica (Jucopo), para que ponga a consideraci\u00f3n del Pleno los nombramientos de los cargos de los \u00f3rganos t\u00e9cnicos y administrativos, ya que hasta ahora funcionan mediante encargados de despacho.<\/p>\n\n\n\n<p>Estos son: la Secretar\u00eda de Servicios Parlamentarios; la Secretar\u00eda de Servicios Financieros y Administrativos; el Instituto de Estudios Parlamentarios \u201cEduardo Neri\u201d; la Direcci\u00f3n de Comunicaci\u00f3n; la Unidad de Transparencia y Anticorrupci\u00f3n, y la Unidad para la Igualdad de G\u00e9nero.<\/p>\n\n\n\n<p>El acuerdo presentado por el Grupo Parlamentario del Partido de la Revoluci\u00f3n Democr\u00e1tica, fue leido por la diputada Susana Paola Ju\u00e1rez G\u00f3mez.<\/p>\n\n\n\n<p>En la exposici\u00f3n de motivos, la legisladora considera el hecho de que estos \u00f3rganos funcionen mediante \u201cencargados de despacho\u201d, como una situaci\u00f3n \u201ccompletamente fuera del marco legal, lo mismo ocurre con la Secretar\u00eda de Servicios Financieros y Administrativos; Direcci\u00f3n de Comunicaci\u00f3n y la Unidad de Transparencia y Anticorrupci\u00f3n\u201d.<\/p>\n\n\n\n<p>A la vez advierte: la figura de \u201cEncargados de Despacho\u201d no existe regulada por la Ley Org\u00e1nica del Poder Legislativo, \u201cincluso, de la Unidad para la Igualdad de G\u00e9nero, no se tiene conocimiento de c\u00f3mo est\u00e1 funcionando\u201d.&nbsp;<\/p>\n\n\n\n<p>\u201cCon la funci\u00f3n de \u201cEncargados de Despacho\u201d se est\u00e1 violentando nuestro marco legal y, por tanto, la institucionalidad del Poder Legislativo se est\u00e1 perdiendo, en donde se est\u00e1 dejando de lado ejercer las facultades que corresponden al Pleno del Congreso, es decir, de decisi\u00f3n de todas y todos los integrantes del Poder Legislativo y no de un s\u00f3lo grupo determinado de sus integrantes\u201d, a\u00f1ade.&nbsp;<\/p>\n\n\n\n<p>Ju\u00e1rez G\u00f3mez destaca que para funcionar del Poder Legislativo, \u00e9ste se conforma -aparte de un n\u00famero determinado de Diputad@s- por una estructura org\u00e1nica que se encuentra especificada en su Ley Org\u00e1nica.&nbsp;<\/p>\n\n\n\n<p>Asimismo, expone que el Art\u00edculo 203 de la Ley Org\u00e1nica de la Legislatura, establece que los titulares de los \u00f3rganos administrativos y t\u00e9cnicos \u201cser\u00e1n nombrados y removidos por el Pleno del Congreso del Estado con la mayor\u00eda absoluta de los Diputados presentes en la sesi\u00f3n, a propuesta de la Junta de Coordinaci\u00f3n\u201d.&nbsp;&nbsp;<\/p>\n\n\n\n<p>La legisladora record\u00f3 que la LXIII Legislatura no ha ejercido dicha atribuci\u00f3n, lo que ha conllevado a un vac\u00edo en el ejercicio de las atribuciones administrativas del Congreso.<\/p>\n\n\n\n<p>El acuerdo, fue sometido a votaci\u00f3n en la sesi\u00f3n de este mi\u00e9rcoles y obtuvo el voto de aprobaci\u00f3n de manera un\u00e1nime de las y los diputados de la Comisi\u00f3n Permanente.<\/p>\n\n\n\n<p>\u26aa\ufe0f&nbsp;#Congreso | La Comisi\u00f3n Permanente aprob\u00f3 por unanimidad exhorto en la sesi\u00f3n de este mi\u00e9rcoles.<\/p>\n\n\n\n<p>\u2b55\ufe0f\ud83d\udc47&nbsp;Informaci\u00f3n&nbsp;\ud83d\udc47&nbsp;\u2b55\ufe0f<\/p>\n","protected":false},"excerpt":{"rendered":"<p>&#8211; La Comisi\u00f3n Permanente aprob\u00f3 por unanimidad exhorto en la sesi\u00f3n de este mi\u00e9rcoles Chilpancingo, Guerrero, 9 de febrero de 2022.- Por unanimidad fue aprobado por las y los diputados&hellip; <\/p>\n","protected":false},"author":19,"featured_media":41335,"comment_status":"open","ping_status":"open","sticky":false,"template":"","format":"standard","meta":{"fifu_image_url":"","fifu_image_alt":"","footnotes":""},"categories":[2],"tags":[],"class_list":["post-41334","post","type-post","status-publish","format-standard","has-post-thumbnail","hentry","category-congreso"],"_links":{"self":[{"href":"https:\/\/www.interaccionnoticias.com.mx\/index.php?rest_route=\/wp\/v2\/posts\/41334","targetHints":{"allow":["GET"]}}],"collection":[{"href":"https:\/\/www.interaccionnoticias.com.mx\/index.php?rest_route=\/wp\/v2\/posts"}],"about":[{"href":"https:\/\/www.interaccionnoticias.com.mx\/index.php?rest_route=\/wp\/v2\/types\/post"}],"author":[{"embeddable":true,"href":"https:\/\/www.interaccionnoticias.com.mx\/index.php?rest_route=\/wp\/v2\/users\/19"}],"replies":[{"embeddable":true,"href":"https:\/\/www.interaccionnoticias.com.mx\/index.php?rest_route=%2Fwp%2Fv2%2Fcomments&post=41334"}],"version-history":[{"count":1,"href":"https:\/\/www.interaccionnoticias.com.mx\/index.php?rest_route=\/wp\/v2\/posts\/41334\/revisions"}],"predecessor-version":[{"id":41338,"href":"https:\/\/www.interaccionnoticias.com.mx\/index.php?rest_route=\/wp\/v2\/posts\/41334\/revisions\/41338"}],"wp:featuredmedia":[{"embeddable":true,"href":"https:\/\/www.interaccionnoticias.com.mx\/index.php?rest_route=\/wp\/v2\/media\/41335"}],"wp:attachment":[{"href":"https:\/\/www.interaccionnoticias.com.mx\/index.php?rest_route=%2Fwp%2Fv2%2Fmedia&parent=41334"}],"wp:term":[{"taxonomy":"category","embeddable":true,"href":"https:\/\/www.interaccionnoticias.com.mx\/index.php?rest_route=%2Fwp%2Fv2%2Fcategories&post=41334"},{"taxonomy":"post_tag","embeddable":true,"href":"https:\/\/www.interaccionnoticias.com.mx\/index.php?rest_route=%2Fwp%2Fv2%2Ftags&post=41334"}],"curies":[{"name":"wp","href":"https:\/\/api.w.org\/{rel}","templated":true}]}}