{"id":41331,"date":"2022-02-09T19:26:04","date_gmt":"2022-02-10T01:26:04","guid":{"rendered":"https:\/\/interaccionnoticias.com.mx\/?p=41331"},"modified":"2022-02-09T19:26:09","modified_gmt":"2022-02-10T01:26:09","slug":"urgen-integrantes-del-colegio-de-contadores-a-la-jucopo-a-que-continuen-con-el-proceso-de-designacion-del-titular-de-la-ase","status":"publish","type":"post","link":"https:\/\/www.interaccionnoticias.com.mx\/?p=41331","title":{"rendered":"Urgen integrantes del Colegio de Contadores a la JUCOPO a que contin\u00faen con el proceso de designaci\u00f3n del titular de la ASE"},"content":{"rendered":"\n<p><strong>Rosario Garc\u00eda Orozco<\/strong><\/p>\n\n\n\n<p><strong>Chilpancingo, Gro., 9 de febrero de 2022.-<\/strong> Integrantes del Colegio de Contadores P\u00fablicos del estado urgieron a los diputados de la Junta de Coordinaci\u00f3n Pol\u00edtica (Jucopo) del Congreso local contin\u00fae con el proceso de selecci\u00f3n del Auditor Superior del Estado, porque de no hacerlo violar\u00edan los derechos de quienes ya participaron en el proceso que inicio la legislatura anterior.<\/p>\n\n\n\n<p>En conferencia de prensa, Javier Flores Garc\u00eda, contador p\u00fablico certificado e integrante del Colegio de Contadores del estado de Guerrero, pidi\u00f3 a los legisladores que contin\u00faen con el proceso a partir de los aspirantes registrados y ya designen al titular de la ASE, que ahora se encuentra en una&nbsp;&nbsp;\u201cinseguridad\u201d jur\u00eddica, y es que al haber un encargado de despacho y no un titular se corre el riesgo de quedar impunes actos de desv\u00edos de recursos de los entes fiscalizables que no cumplen con sus obligaciones.<\/p>\n\n\n\n<p>Se trata, dijo Flores Garc\u00eda, de que el Congreso agote el procedimiento y se elija a una nueva terna de los 27 aspirantes que aun quedaron en la lista, y es que el Colegio de Contadores tiene en esa lista a 8 de sus integrantes, quienes, asegur\u00f3, cuentan con el perfil id\u00f3neo para ocupar el cargo.<\/p>\n\n\n\n<p>Cuestionado sobre qui\u00e9n era la propuesta del Colegio, respondi\u00f3 que sus 8 compa\u00f1eros, quienes se inscribieron para el proceso de selecci\u00f3n del titular de la ASE, en quienes reconoci\u00f3 su empe\u00f1o en actualizarse y continuar con una preparaci\u00f3n profesional que les permitir\u00e1 realizar un buen trabajo si son seleccionados.<\/p>\n\n\n\n<p>\u201cEn caso de no proponer esa terna, les estar\u00edan violando sus derechos fundamentales a nuestros compa\u00f1eros, por lo que creemos que el Congreso del Estado va a seguir con ese procedimiento\u201d.<\/p>\n\n\n\n<p>Cuestionado sobre a qui\u00e9n le conviene que la Auditoria Superior del Estado se mantenga ac\u00e9fala, Flores Garc\u00eda sugiri\u00f3 que solo los entes fiscalizables que en este momento no han cumplido con sus obligaciones de fiscalizaci\u00f3n,&nbsp;&nbsp;ya que existen plazos para algunos de ellos y de no haber un titular podr\u00edan prescribir las denuncias y en un futuro ya no podr\u00edan ser sancionados.<\/p>\n\n\n\n<p>Los contadores p\u00fablicos organizados reprocharon que quienes han llegado a ese \u00f3rgano, no han sido por su capacidad, ya que la mayor\u00eda son licenciados en derecho, y no cuentan con el perfil adecuado para realizar esa funci\u00f3n, y consideraron que la actividad que ah\u00ed se desempe\u00f1a requiere de un Contador P\u00fablico Certificado con experiencia en auditoria.<\/p>\n\n\n\n<p>\u201cPorque son quienes conocen los mecanismos y la disciplina para hacer atenciones profesionales, les recuerdo que han sido nombramientos pol\u00edticos y esto ha hecho mal al estado de&nbsp;&nbsp;Guerrero, eso es lo que no deben hacer, est\u00e1 trabado ese tema en el Congreso&nbsp;&nbsp;porque andan buscando alguien a modo\u201d.<\/p>\n\n\n\n<p>Lamentaron que debido a ese tipo de decisiones pol\u00edticas Guerrero se encuentra en los \u00faltimos lugares en materia de transparencia financiera.<\/p>\n","protected":false},"excerpt":{"rendered":"<p>Rosario Garc\u00eda Orozco Chilpancingo, Gro., 9 de febrero de 2022.- Integrantes del Colegio de Contadores P\u00fablicos del estado urgieron a los diputados de la Junta de Coordinaci\u00f3n Pol\u00edtica (Jucopo) del&hellip; <\/p>\n","protected":false},"author":14,"featured_media":41332,"comment_status":"open","ping_status":"open","sticky":false,"template":"","format":"standard","meta":{"fifu_image_url":"","fifu_image_alt":"","footnotes":""},"categories":[2],"tags":[],"class_list":["post-41331","post","type-post","status-publish","format-standard","has-post-thumbnail","hentry","category-congreso"],"_links":{"self":[{"href":"https:\/\/www.interaccionnoticias.com.mx\/index.php?rest_route=\/wp\/v2\/posts\/41331","targetHints":{"allow":["GET"]}}],"collection":[{"href":"https:\/\/www.interaccionnoticias.com.mx\/index.php?rest_route=\/wp\/v2\/posts"}],"about":[{"href":"https:\/\/www.interaccionnoticias.com.mx\/index.php?rest_route=\/wp\/v2\/types\/post"}],"author":[{"embeddable":true,"href":"https:\/\/www.interaccionnoticias.com.mx\/index.php?rest_route=\/wp\/v2\/users\/14"}],"replies":[{"embeddable":true,"href":"https:\/\/www.interaccionnoticias.com.mx\/index.php?rest_route=%2Fwp%2Fv2%2Fcomments&post=41331"}],"version-history":[{"count":1,"href":"https:\/\/www.interaccionnoticias.com.mx\/index.php?rest_route=\/wp\/v2\/posts\/41331\/revisions"}],"predecessor-version":[{"id":41333,"href":"https:\/\/www.interaccionnoticias.com.mx\/index.php?rest_route=\/wp\/v2\/posts\/41331\/revisions\/41333"}],"wp:featuredmedia":[{"embeddable":true,"href":"https:\/\/www.interaccionnoticias.com.mx\/index.php?rest_route=\/wp\/v2\/media\/41332"}],"wp:attachment":[{"href":"https:\/\/www.interaccionnoticias.com.mx\/index.php?rest_route=%2Fwp%2Fv2%2Fmedia&parent=41331"}],"wp:term":[{"taxonomy":"category","embeddable":true,"href":"https:\/\/www.interaccionnoticias.com.mx\/index.php?rest_route=%2Fwp%2Fv2%2Fcategories&post=41331"},{"taxonomy":"post_tag","embeddable":true,"href":"https:\/\/www.interaccionnoticias.com.mx\/index.php?rest_route=%2Fwp%2Fv2%2Ftags&post=41331"}],"curies":[{"name":"wp","href":"https:\/\/api.w.org\/{rel}","templated":true}]}}