{"id":41325,"date":"2022-02-09T18:30:28","date_gmt":"2022-02-10T00:30:28","guid":{"rendered":"https:\/\/interaccionnoticias.com.mx\/?p=41325"},"modified":"2022-02-09T18:30:32","modified_gmt":"2022-02-10T00:30:32","slug":"lider-de-jubilados-de-la-fge-pide-que-no-se-criminalice-a-los-policias-que-repelen-a-manifestantes","status":"publish","type":"post","link":"https:\/\/www.interaccionnoticias.com.mx\/?p=41325","title":{"rendered":"L\u00edder de jubilados de la FGE, pide que no se criminalice a los polic\u00edas que repelen a manifestantes"},"content":{"rendered":"\n<p><strong><em>&#8211; Los artefactos lanzados por los normalistas rurales pudieron generar lesiones m\u00e1s graves<br>&#8211; La Polic\u00eda del Estado no debi\u00f3 revisar los autobuses, por estar en una zona federal<\/em><\/strong><\/p>\n\n\n\n<p><strong>Rogelio Agust\u00edn<\/strong><\/p>\n\n\n\n<p>El dirigente de los jubilados de la Fiscal\u00eda General del Estado (FGE), Anastasio Hern\u00e1ndez solicit\u00f3 que no se criminalice a los cuerpos policiacos que acudieron a contener a los estudiantes de la Normal Rural de Ayotzinapa, la jornada del viernes 4 de febrero en la Autopista del Sol, pues por el tipo de artefactos que se les lanzaban, pudieron sufrir consecuencias graves.<\/p>\n\n\n\n<p>El ex comandante de la Polic\u00eda Judicial del Estado, sostiene que lo sucedido en la carretera de cuota no es algo nuevo, aunque manifest\u00f3 que el 4 de febrero resurgi\u00f3 pero con m\u00e1s fuerza.<\/p>\n\n\n\n<p>Si el tr\u00e1iler que se lanz\u00f3 contra los cuerpos de seguridad hubiera hecho blanco en personas inocentes, como los comerciantes que tienen puestos de comida cerca del m\u00f3dulo en que la unidad se impact\u00f3, el ex jefe policiaco sostiene que en estos momentos se estar\u00eda viviendo un momento de verdadera inestabilidad en Guerrero.<\/p>\n\n\n\n<p>No criminalizar al polic\u00eda<\/p>\n\n\n\n<p>La entrevista con Anastasio Hern\u00e1ndez se realiza porque \u00e9l busca el espacio en los medios, su argumento consiste en que hasta el momento, despu\u00e9s de lo sucedido en la caseta de Palo Blanco: \u201cNadie ha entrevistado a los polic\u00edas heridos que hay, el Gobierno tambi\u00e9n les pone mordaza a los elementos de la estatal y de la federal\u201d.<\/p>\n\n\n\n<p>El dirigente de los polic\u00edas judiciales y agentes del Ministerio P\u00fablico jubilados, sostiene que las ideas con la que llegaron los estudiantes a la caseta de peaje \u201cde ninguna manera eran positivas\u201d.<\/p>\n\n\n\n<p>\u201cDesde el momento en que arman una molotov con clavos, p\u00faas, pues tenemos un arma mortal porque es pr\u00e1cticamente una granada que te puede matar en ese instante, si te impacta de lleno y no est\u00e1s protegido\u2026el polic\u00eda va a esos eventos solo con su tolete y su escudo\u201d, anot\u00f3.<\/p>\n\n\n\n<p>Para el ex mando policiaco, las confrontaciones en ese tipo de hechos, siempre son desiguales, pero a diferencia de otros actores, el refiere que la desventaja opera en contra de los uniformados.<\/p>\n\n\n\n<p>Luego expuso: \u201cLo que muchos no saben, porque los polic\u00edas nunca ejercen el derecho de r\u00e9plica, es que si le llegan a amputar una pierna o un brazo, sus mandos y el Gobierno como tal se van a olvidar de \u00e9l, entonces empieza un peregrinar en el que se afecta a toda la familia\u201d.<\/p>\n\n\n\n<p>Indic\u00f3 que en la organizaci\u00f3n de jubilados que representa, hay personas amputadas de brazos y de piernas, a los que desde hace m\u00e1s de diez a\u00f1os no se les cubren sus beneficios.<\/p>\n\n\n\n<p>\u201cNo les han pagado ni un centavo\u201d, apunta.<\/p>\n\n\n\n<p>Dijo, que los pol\u00edticos que se benefician de ese tipo de hechos, ya deben sacar las manos de los conflictos.<\/p>\n\n\n\n<p>El error de la Normal Rural, dijo que principalmente consiste en permitir que haya personas que se aprovechen de sus causas para cometer excesos.<\/p>\n\n\n\n<p>Respecto al tema de la infiltraci\u00f3n, que fue planteada por el presidente de la Rep\u00fablica, Andr\u00e9s Manuel L\u00f3pez Obrador, Anastacio Hern\u00e1ndez destaca: \u201cSi en verdad hay grupos de la delincuencia organizada metidos ah\u00ed, \u00bfEntonces d\u00f3nde est\u00e1 el trabajo de inteligencia? \u00bfPor qu\u00e9 se deja avanzar una cosa tan grande? Eso no debe quedar en una declaraci\u00f3n\u201d.<\/p>\n\n\n\n<p>El secretario de Seguridad P\u00fablica se equivoc\u00f3<\/p>\n\n\n\n<p>Respecto a lo sucedido el viernes 4 de febrero, se\u00f1al\u00f3 que hubo una acci\u00f3n que claramente se debe reprochar al actual titular de la Secretar\u00eda de Seguridad P\u00fablica (SSP), Evelio M\u00e9ndez.<\/p>\n\n\n\n<p>\u201cSi la Polic\u00eda del Estado va de apoyo a una zona federal, como es la Autopista del Sol, pues hacemos lo que podamos por contener a los estudiantes, pero no tengo que hacer ninguna revisi\u00f3n, eso a lo mejor se justifica en el Parador del Marqu\u00e9s, donde todav\u00eda es el interior de la ciudad, pero la autopista ya es territorio federal, ah\u00ed era competencia de la Guardia Nacional, no hubo respeto al \u00e1mbito de competencias\u201d, asever\u00f3.<\/p>\n\n\n\n<p>Insisti\u00f3 en que lo sucedido en la Autopista del Sol no es nuevo, pero se tienen experiencias muy duras para el estado de Guerrero que han derivado de hechos similares, como el caso Aguas Blancas, en 1995 y el propio 26 de septiembre de 2014, en Iguala.<\/p>\n\n\n\n<p>\u201cHay casos en los que se ha desestabilizado al estado, pero ahora, por lo que se ve, quieren desestabilizar al pa\u00eds\u201d, apunt\u00f3.<\/p>\n","protected":false},"excerpt":{"rendered":"<p>&#8211; Los artefactos lanzados por los normalistas rurales pudieron generar lesiones m\u00e1s graves&#8211; La Polic\u00eda del Estado no debi\u00f3 revisar los autobuses, por estar en una zona federal Rogelio Agust\u00edn&hellip; <\/p>\n","protected":false},"author":21,"featured_media":41326,"comment_status":"open","ping_status":"open","sticky":false,"template":"","format":"standard","meta":{"fifu_image_url":"","fifu_image_alt":"","footnotes":""},"categories":[27],"tags":[],"class_list":["post-41325","post","type-post","status-publish","format-standard","has-post-thumbnail","hentry","category-seguridad-publica"],"_links":{"self":[{"href":"https:\/\/www.interaccionnoticias.com.mx\/index.php?rest_route=\/wp\/v2\/posts\/41325","targetHints":{"allow":["GET"]}}],"collection":[{"href":"https:\/\/www.interaccionnoticias.com.mx\/index.php?rest_route=\/wp\/v2\/posts"}],"about":[{"href":"https:\/\/www.interaccionnoticias.com.mx\/index.php?rest_route=\/wp\/v2\/types\/post"}],"author":[{"embeddable":true,"href":"https:\/\/www.interaccionnoticias.com.mx\/index.php?rest_route=\/wp\/v2\/users\/21"}],"replies":[{"embeddable":true,"href":"https:\/\/www.interaccionnoticias.com.mx\/index.php?rest_route=%2Fwp%2Fv2%2Fcomments&post=41325"}],"version-history":[{"count":1,"href":"https:\/\/www.interaccionnoticias.com.mx\/index.php?rest_route=\/wp\/v2\/posts\/41325\/revisions"}],"predecessor-version":[{"id":41327,"href":"https:\/\/www.interaccionnoticias.com.mx\/index.php?rest_route=\/wp\/v2\/posts\/41325\/revisions\/41327"}],"wp:featuredmedia":[{"embeddable":true,"href":"https:\/\/www.interaccionnoticias.com.mx\/index.php?rest_route=\/wp\/v2\/media\/41326"}],"wp:attachment":[{"href":"https:\/\/www.interaccionnoticias.com.mx\/index.php?rest_route=%2Fwp%2Fv2%2Fmedia&parent=41325"}],"wp:term":[{"taxonomy":"category","embeddable":true,"href":"https:\/\/www.interaccionnoticias.com.mx\/index.php?rest_route=%2Fwp%2Fv2%2Fcategories&post=41325"},{"taxonomy":"post_tag","embeddable":true,"href":"https:\/\/www.interaccionnoticias.com.mx\/index.php?rest_route=%2Fwp%2Fv2%2Ftags&post=41325"}],"curies":[{"name":"wp","href":"https:\/\/api.w.org\/{rel}","templated":true}]}}