{"id":41309,"date":"2022-02-09T17:18:08","date_gmt":"2022-02-09T23:18:08","guid":{"rendered":"https:\/\/interaccionnoticias.com.mx\/?p=41309"},"modified":"2022-02-09T17:18:12","modified_gmt":"2022-02-09T23:18:12","slug":"cerrar-la-normal-de-ayotzinapa-no-es-la-solucion-esp","status":"publish","type":"post","link":"https:\/\/www.interaccionnoticias.com.mx\/?p=41309","title":{"rendered":"\u201cCerrar la normal de Ayotzinapa no es la soluci\u00f3n\u00bb: ESP"},"content":{"rendered":"\n<p><strong><em>&#8211; Desestima la propuesta del sector empresarial<br>&#8211; Asegura que investigaci\u00f3n est\u00e1 a cargo del gobierno federal<\/em><\/strong><\/p>\n\n\n\n<p><strong>Javier Trujillo<\/strong><\/p>\n\n\n\n<p><strong>Acapulco, Gro. \u2013 <\/strong>La gobernadora de Guerrero, Evelyn Salgado Pineda, dijo desconocer que la normal est\u00e9 infiltrada por el crimen organizado, y desestim\u00f3 la posibilidad de cerrar la normal rural de Ayotzinapa Ra\u00fal Isidro Burgos.<\/p>\n\n\n\n<p>\u201c(Cerrar la normal) esa no ser\u00eda la soluci\u00f3n, tiene que haber una reorganizaci\u00f3n por dentro, checar lo de sus talleres, que participen (los alumnos) en sus talleres, en la parte de la docencia, en sus aulas en sus escuelas. No, ser\u00eda la soluci\u00f3n el cerrar\u201d, dijo tajante la mandataria estatal.<\/p>\n\n\n\n<p>De la infiltraci\u00f3n de grupos delictivos en la normal, admiti\u00f3 que no tiene informaci\u00f3n al respecto.<\/p>\n\n\n\n<p>Se\u00f1al\u00f3 que esa informaci\u00f3n, ya la hab\u00eda comentado el presidente, Andr\u00e9s Manuel L\u00f3pez Obrador, y revel\u00f3 que sostendr\u00e1n una reuni\u00f3n con los normalistas.<\/p>\n\n\n\n<p>\u201c\u00c9l (presidente L\u00f3pez Obrador) va a tener una reuni\u00f3n con los j\u00f3venes, yo imagino que, en esa reuni\u00f3n, el dar\u00e1 a conocer los pormenores del porque se hizo esa declaraci\u00f3n, pero yo no tengo ninguna informaci\u00f3n\u201d, remarc\u00f3.<\/p>\n\n\n\n<p>Salgado Pineda, enfatiz\u00f3 al se\u00f1alar que es el gobierno de la Rep\u00fablica, quienes llevan a cabo las investigaciones del enfrentamiento en la caseta de Palo Blanco, donde se enfrentaron normalistas y efectivos de la Guardia Nacional, con el apoyo de la Polic\u00eda del Estado.<\/p>\n\n\n\n<p>Reiter\u00f3 que el operativo Caseta Segura, implementado por del gobierno federal en la v\u00eda de cuota de la Autopista del Sol, est\u00e1 a cargo de la Guardia Nacional, y el estado s\u00f3lo est\u00e1 coadyuvando con la Polic\u00eda Estatal.<\/p>\n\n\n\n<p>Entrevistada, luego de tomar protesta a los nuevos integrantes de la mesa directiva de la Asociaci\u00f3n Civil de Acapulco, grupo ACA, la jefa del poder ejecutivo en la entidad, asegur\u00f3 que su gobierno est\u00e1 trabajando en trazar una ruta del di\u00e1logo, incluso antes del tres de febrero.<\/p>\n\n\n\n<p>En cuanto a lo expresado por la Comisi\u00f3n Nacional de Derechos Humanos, y los convoque para instalar una mesa di\u00e1logo, y generar acuerdos para un ambiente de paz estar\u00e1n listos para coadyuvar.<\/p>\n\n\n\n<p>En la entrevista, asegur\u00f3 que su gobierno nunca ha sido ni ser\u00e1 represor por lo que otra vez hizo un llamado a los normalistas y los padres de los 43 desaparecidos, al di\u00e1logo y entendimiento.<\/p>\n\n\n\n<p>De la apertura del Parque Papagayo, dijo que ya se tiene fecha definitiva el 19 de febrero, y aclar\u00f3 que sus puertas no se han abierto porque la Sedatu, se est\u00e1n afinando algunos detalles.<\/p>\n","protected":false},"excerpt":{"rendered":"<p>&#8211; Desestima la propuesta del sector empresarial&#8211; Asegura que investigaci\u00f3n est\u00e1 a cargo del gobierno federal Javier Trujillo Acapulco, Gro. \u2013 La gobernadora de Guerrero, Evelyn Salgado Pineda, dijo desconocer&hellip; <\/p>\n","protected":false},"author":3,"featured_media":41310,"comment_status":"open","ping_status":"open","sticky":false,"template":"","format":"standard","meta":{"fifu_image_url":"","fifu_image_alt":"","footnotes":""},"categories":[6],"tags":[],"class_list":["post-41309","post","type-post","status-publish","format-standard","has-post-thumbnail","hentry","category-educacion"],"_links":{"self":[{"href":"https:\/\/www.interaccionnoticias.com.mx\/index.php?rest_route=\/wp\/v2\/posts\/41309","targetHints":{"allow":["GET"]}}],"collection":[{"href":"https:\/\/www.interaccionnoticias.com.mx\/index.php?rest_route=\/wp\/v2\/posts"}],"about":[{"href":"https:\/\/www.interaccionnoticias.com.mx\/index.php?rest_route=\/wp\/v2\/types\/post"}],"author":[{"embeddable":true,"href":"https:\/\/www.interaccionnoticias.com.mx\/index.php?rest_route=\/wp\/v2\/users\/3"}],"replies":[{"embeddable":true,"href":"https:\/\/www.interaccionnoticias.com.mx\/index.php?rest_route=%2Fwp%2Fv2%2Fcomments&post=41309"}],"version-history":[{"count":1,"href":"https:\/\/www.interaccionnoticias.com.mx\/index.php?rest_route=\/wp\/v2\/posts\/41309\/revisions"}],"predecessor-version":[{"id":41311,"href":"https:\/\/www.interaccionnoticias.com.mx\/index.php?rest_route=\/wp\/v2\/posts\/41309\/revisions\/41311"}],"wp:featuredmedia":[{"embeddable":true,"href":"https:\/\/www.interaccionnoticias.com.mx\/index.php?rest_route=\/wp\/v2\/media\/41310"}],"wp:attachment":[{"href":"https:\/\/www.interaccionnoticias.com.mx\/index.php?rest_route=%2Fwp%2Fv2%2Fmedia&parent=41309"}],"wp:term":[{"taxonomy":"category","embeddable":true,"href":"https:\/\/www.interaccionnoticias.com.mx\/index.php?rest_route=%2Fwp%2Fv2%2Fcategories&post=41309"},{"taxonomy":"post_tag","embeddable":true,"href":"https:\/\/www.interaccionnoticias.com.mx\/index.php?rest_route=%2Fwp%2Fv2%2Ftags&post=41309"}],"curies":[{"name":"wp","href":"https:\/\/api.w.org\/{rel}","templated":true}]}}