{"id":41273,"date":"2022-02-08T19:40:14","date_gmt":"2022-02-09T01:40:14","guid":{"rendered":"https:\/\/interaccionnoticias.com.mx\/?p=41273"},"modified":"2022-02-08T19:40:19","modified_gmt":"2022-02-09T01:40:19","slug":"vidulfo-si-hay-infiltracion-pero-del-gobierno-y-particularmente-del-ejercito","status":"publish","type":"post","link":"https:\/\/www.interaccionnoticias.com.mx\/?p=41273","title":{"rendered":"Vidulfo: \u201cS\u00ed hay infiltraci\u00f3n; pero del Gobierno y particularmente del Ej\u00e9rcito\u201d"},"content":{"rendered":"\n<p><strong><em>&#8211; El abogado de los padres de los 43, asegura que los se\u00f1alamientos del presidente de la Rep\u00fablica, debilita el llamado al dialogo<\/em><\/strong><\/p>\n\n\n\n<p><strong>Rogelio Agust\u00edn<\/strong><\/p>\n\n\n\n<p>El abogado de los padres de los 43, Vidulfo Rosales Sierra confirm\u00f3 que hay por lo menos tres casos comprobados de infiltraci\u00f3n en contra de la Normal Rural de Ayotzinapa, aunque estos han sido por el gobierno y particularmente de parte del Ej\u00e9rcito Mexicano.<\/p>\n\n\n\n<p>Rosales Sierra habl\u00f3 sobre la declaraci\u00f3n del presidente de la Rep\u00fablica, Andr\u00e9s Manuel L\u00f3pez Obrador, en el sentido de que la Normal Rural est\u00e1 infiltrada por gente dedicada a actividades delictivas, de lo que incuso, la comunidad estudiantil no est\u00e1 enterada.<\/p>\n\n\n\n<p>El abogado coment\u00f3 que se trata de una teor\u00eda que ya se ha planteado antes, la cual fue dada a conocer por gobiernos anteriores.<\/p>\n\n\n\n<p>\u201cEsa versi\u00f3n no esta sustentada, no est\u00e1 probada, hasta el d\u00eda de hoy, no hay elementos que puedan darle verosimilitud a tales afirmaciones, es una especie de criminalizaci\u00f3n hacia la Normal Rural, porque no hay datos objetivos de ello\u201d, anot\u00f3.<\/p>\n\n\n\n<p>Record\u00f3 que tras los ataques del 26 de septiembre de 2014, hubo una hip\u00f3tesis de parte de la Comisi\u00f3n Nacional de Derechos Humanos (CNDH), que en su momento intent\u00f3 sustentar la aseveraci\u00f3n utilizando una fotograf\u00eda tomada del perfil de Facebook del estudiante Bernardo Flores Alcaraz, que es uno de los desparecidos y que aparece en un plant\u00edo.<\/p>\n\n\n\n<p>A dicha imagen se agreg\u00f3 el testimonio de un egresado, pero no hubo nada m\u00e1s.<\/p>\n\n\n\n<p>Posteriormente, el Grupo Interdisciplinario de Expertos Independientes (GIEI) realiz\u00f3 una investigaci\u00f3n y no encontr\u00f3 nada al respecto.<\/p>\n\n\n\n<p>En todo caso, si el gobierno federal vigente tiene m\u00e1s elementos sobre el tema, lo m\u00e1s correcto es que los aporte ante la instancia correspondiente para que inicie una investigaci\u00f3n.<\/p>\n\n\n\n<p>\u201cNosotros llevamos 12 a\u00f1os acompa\u00f1ando a la Normal Rural y no vislumbramos una infiltraci\u00f3n del crimen, no detectamos nada que apunte hacia un vinculo org\u00e1nico de la delincuencia con la Normal\u201d.<\/p>\n\n\n\n<p>Indic\u00f3: \u201cEst\u00e1n sus movimientos; su lucha, sus demandas, sus exigencias, su organizaci\u00f3n pol\u00edtca, social y econ\u00f3mica, pero nada m\u00e1s\u201d.<\/p>\n\n\n\n<p>El se\u00f1alamiento debilita el llamado al dialogo<\/p>\n\n\n\n<p>Para el abogado Rosales, resulta delicado que el se\u00f1alamiento del presidente se d\u00e9 a conocer cuando existe un ambiente de crispaci\u00f3n pol\u00edtica, un clima que asegura, es de \u201clinchamiento\u201d contra la normal, cuando parece que se pretende avasallar a la comunidad estudiantil.<\/p>\n\n\n\n<p>Expuso: \u201cEs delicado que el presidente diga que esta infiltrada la Normal, porque eso abona a la ruta de criminalizaci\u00f3n y de linchamiento, se contrapone con la opini\u00f3n del presidente cuando llama al dialogo\u201d.<\/p>\n\n\n\n<p>Para el litigante, el llamado al dialogo se debilita con una declaraci\u00f3n de esa naturaleza.<\/p>\n\n\n\n<p>\u201cSin duda genera fricciones, socava la confianza que se pudiera generar, no ayuda en nada\u201d, anota.<\/p>\n\n\n\n<p>El que s\u00ed infiltra es el Gobierno, principalmente el Ej\u00e9rcito<\/p>\n\n\n\n<p>Vidulfo Rosales, se\u00f1ala que de lo que s\u00ed se tienen datos muy concretos, es de la infiltraci\u00f3n por parte del Gobierno, particularmente del federal hacia la Normal Rural Ra\u00fal Isidro Burgos.<\/p>\n\n\n\n<p>\u201cEl gobierno se ha incrustado en la Normal de Ayotzinapa, a trav\u00e9s de los cuerpos policiacos, pero principalmente de los militares\u201d, anot\u00f3.<\/p>\n\n\n\n<p>El caso m\u00e1s evidente, es el de Jos\u00e9 L\u00f3pez Patoltzin, quien forma parte de la lista de 43 estudiantes desaparecidos desde los ataques del 26 y 27 de septiembre de 2014.<\/p>\n\n\n\n<p>En su momento, hubo im\u00e1genes de la familia del joven L\u00f3pez Patoltzin en las instalaciones de la 35 Zona Militar en Guerrero, cuando ped\u00edan que las fuerzas castrenses hicieran lo posible porque Jos\u00e9 fuera localizado con vida.<\/p>\n\n\n\n<p>\u201cHay otros dos casos (de infiltrados) que tenemos detectados, son militares, a los que se suma este que se ubica entre los j\u00f3venes desaparecidos\u201d, se\u00f1al\u00f3.<\/p>\n\n\n\n<p>Se abstuvo de aportar detalles sobre los otros dos infiltrados, pero asegur\u00f3 que s\u00ed los tienen bien ubicados.<\/p>\n","protected":false},"excerpt":{"rendered":"<p>&#8211; El abogado de los padres de los 43, asegura que los se\u00f1alamientos del presidente de la Rep\u00fablica, debilita el llamado al dialogo Rogelio Agust\u00edn El abogado de los padres&hellip; <\/p>\n","protected":false},"author":21,"featured_media":41274,"comment_status":"open","ping_status":"open","sticky":false,"template":"","format":"standard","meta":{"fifu_image_url":"","fifu_image_alt":"","footnotes":""},"categories":[15],"tags":[],"class_list":["post-41273","post","type-post","status-publish","format-standard","has-post-thumbnail","hentry","category-movimientos-sociales"],"_links":{"self":[{"href":"https:\/\/www.interaccionnoticias.com.mx\/index.php?rest_route=\/wp\/v2\/posts\/41273","targetHints":{"allow":["GET"]}}],"collection":[{"href":"https:\/\/www.interaccionnoticias.com.mx\/index.php?rest_route=\/wp\/v2\/posts"}],"about":[{"href":"https:\/\/www.interaccionnoticias.com.mx\/index.php?rest_route=\/wp\/v2\/types\/post"}],"author":[{"embeddable":true,"href":"https:\/\/www.interaccionnoticias.com.mx\/index.php?rest_route=\/wp\/v2\/users\/21"}],"replies":[{"embeddable":true,"href":"https:\/\/www.interaccionnoticias.com.mx\/index.php?rest_route=%2Fwp%2Fv2%2Fcomments&post=41273"}],"version-history":[{"count":1,"href":"https:\/\/www.interaccionnoticias.com.mx\/index.php?rest_route=\/wp\/v2\/posts\/41273\/revisions"}],"predecessor-version":[{"id":41275,"href":"https:\/\/www.interaccionnoticias.com.mx\/index.php?rest_route=\/wp\/v2\/posts\/41273\/revisions\/41275"}],"wp:featuredmedia":[{"embeddable":true,"href":"https:\/\/www.interaccionnoticias.com.mx\/index.php?rest_route=\/wp\/v2\/media\/41274"}],"wp:attachment":[{"href":"https:\/\/www.interaccionnoticias.com.mx\/index.php?rest_route=%2Fwp%2Fv2%2Fmedia&parent=41273"}],"wp:term":[{"taxonomy":"category","embeddable":true,"href":"https:\/\/www.interaccionnoticias.com.mx\/index.php?rest_route=%2Fwp%2Fv2%2Fcategories&post=41273"},{"taxonomy":"post_tag","embeddable":true,"href":"https:\/\/www.interaccionnoticias.com.mx\/index.php?rest_route=%2Fwp%2Fv2%2Ftags&post=41273"}],"curies":[{"name":"wp","href":"https:\/\/api.w.org\/{rel}","templated":true}]}}