{"id":41265,"date":"2022-02-08T16:48:07","date_gmt":"2022-02-08T22:48:07","guid":{"rendered":"https:\/\/interaccionnoticias.com.mx\/?p=41265"},"modified":"2022-02-08T16:48:12","modified_gmt":"2022-02-08T22:48:12","slug":"diputado-nadie-puede-asegurar-que-fue-un-normalista-el-que-lanzo-el-trailer-contra-la-policia-y-guardia-nacional","status":"publish","type":"post","link":"https:\/\/www.interaccionnoticias.com.mx\/?p=41265","title":{"rendered":"Diputado: \u00abNadie puede asegurar que fue un normalista el que lanz\u00f3 el trailer contra la Polic\u00eda y Guardia Nacional\u00bb"},"content":{"rendered":"\n<p><strong><em>&#8211; Jacinto Gonz\u00e1lez Varona, de Morena, sostiene que grupos radicales pudieron infiltrar la protesta del 4 de febrero, en la Autopista del Sol<\/em><\/strong><\/p>\n\n\n\n<p><strong>Rogelio Agust\u00edn\u00a0<\/strong><\/p>\n\n\n\n<p>El diputado local por Morena, Jacinto Gonz\u00e1lez Varona sostuvo que no se puede asegurar que fue un estudiante de la Normal Rural de Ayotzinapa, el que le quit\u00f3 la velocidad y proyect\u00f3 un trailer contra personal de la Guardia Nacional y la Polic\u00eda del Estado, durante la confrontaci\u00f3n del 4 de febrero en la Autopista del Sol.<\/p>\n\n\n\n<p>En las instalaciones del Congreso local, Gonz\u00e1lez Varona ratific\u00f3 la postura que manej\u00f3 desde la jornada del 4 de febrero, cuando adjudic\u00f3 un \u00abtache\u00bb a la Polic\u00eda del Estado, por haber intentado revisar los autobuses que controlan los normalistas, situaci\u00f3n que desat\u00f3 el intercambio de golpes, pedradas, petardos y gases lacrim\u00f3genos.<\/p>\n\n\n\n<p>\u00abYo mantengo mi postura, aunque me bloquearon mi cuenta (por apoyar a los estudiantes), alg\u00fan metiche con iniciativa no provoc\u00f3 que me bloquearon la cuenta porque movieron una granja de bots, sin embargo ya me la devolvieron porque me bloquearon durante 48 horas\u00bb.<\/p>\n\n\n\n<p>Indic\u00f3 que actualmente se viven nuevos tiempos, que no deben ser de represi\u00f3n, aunque manifest\u00f3 que durante los \u00faltimos d\u00edas se ha generado un ambiente de mucho encono en contra de los estudiantes de la Normal Rural Ra\u00fal Isidro Burgos, particularmente por el tema del trailer, que fue lanzado en punto muerto contra los cuerpos de seguridad.<\/p>\n\n\n\n<p>Lament\u00f3 que ya se haya generado una percepci\u00f3n \u00abde odio\u00bb entre los estudiantes normalistas y el persona de la Polic\u00eda del Estado, lo que se increment\u00f3 despu\u00e9s del viernes.<\/p>\n\n\n\n<p>Bajo dicha circunstancia, refiri\u00f3 que se necesita impulsar un proceso de di\u00e1logo, con un ejercicio de autocr\u00edtica, tanto hacia las instituciones como al seno del movimiento social.<\/p>\n\n\n\n<p>Admiti\u00f3 que hubo un exceso al momento en que se proyect\u00f3 el trailer, pero sostuvo que eso pudo ser consecuencia de la infiltraci\u00f3n de la protesta.<\/p>\n\n\n\n<p>\u00abPudo ser que el movimiento fuera infiltrado por grupos radicales que se quedaron fuera del presupuesto y que pretenden generar inestabilidad, porque siempre ha habido radicales en los movimientos\u00bb, anot\u00f3.<\/p>\n\n\n\n<p>Luego sostuvo: \u00abNadie garantiza que quien fue a quitarle la velocidad a ese trailer fue un normalista, en todo caso, habria que revisar bien las c\u00e1maras y sancionar a quien realmente lo hizo\u00bb.<\/p>\n\n\n\n<p>Admiti\u00f3 que no comparte dicha acci\u00f3n que le resulta extrema y peligrosa, pero tambi\u00e9n reconoce que esa fue una reacci\u00f3n ante una acci\u00f3n de las corporaciones.<\/p>\n\n\n\n<p>\u00abEllos ya se estaban retirando y la Polic\u00eda del Estado les intent\u00f3 detener y revisar los autobuses; \u00bfPara qu\u00e9 los revisas? \u00bfQu\u00e9 vas a encontrar? Bombas molotov, cohetones y piedras, porque no te vas a ir a enfrentar con florecitas\u00bb, asever\u00f3.<\/p>\n\n\n\n<p>Se asumi\u00f3 como un representante popular que tiene su origen en la lucha social, adem\u00e1s, record\u00f3 que durante la secundaria y preparatoria fue compa\u00f1ero de Alexis Herrera Pino, uno de los estudiantes asesinados la jornada del 12 de diciembre de 2011.<\/p>\n\n\n\n<p>\u00abUno no debe de olvidar de donde viene, porque si lo hace, no sabe para d\u00f3nde va\u00bb, destac\u00f3.<\/p>\n","protected":false},"excerpt":{"rendered":"<p>&#8211; Jacinto Gonz\u00e1lez Varona, de Morena, sostiene que grupos radicales pudieron infiltrar la protesta del 4 de febrero, en la Autopista del Sol Rogelio Agust\u00edn\u00a0 El diputado local por Morena,&hellip; <\/p>\n","protected":false},"author":21,"featured_media":41266,"comment_status":"open","ping_status":"open","sticky":false,"template":"","format":"standard","meta":{"fifu_image_url":"","fifu_image_alt":"","footnotes":""},"categories":[2],"tags":[],"class_list":["post-41265","post","type-post","status-publish","format-standard","has-post-thumbnail","hentry","category-congreso"],"_links":{"self":[{"href":"https:\/\/www.interaccionnoticias.com.mx\/index.php?rest_route=\/wp\/v2\/posts\/41265","targetHints":{"allow":["GET"]}}],"collection":[{"href":"https:\/\/www.interaccionnoticias.com.mx\/index.php?rest_route=\/wp\/v2\/posts"}],"about":[{"href":"https:\/\/www.interaccionnoticias.com.mx\/index.php?rest_route=\/wp\/v2\/types\/post"}],"author":[{"embeddable":true,"href":"https:\/\/www.interaccionnoticias.com.mx\/index.php?rest_route=\/wp\/v2\/users\/21"}],"replies":[{"embeddable":true,"href":"https:\/\/www.interaccionnoticias.com.mx\/index.php?rest_route=%2Fwp%2Fv2%2Fcomments&post=41265"}],"version-history":[{"count":1,"href":"https:\/\/www.interaccionnoticias.com.mx\/index.php?rest_route=\/wp\/v2\/posts\/41265\/revisions"}],"predecessor-version":[{"id":41267,"href":"https:\/\/www.interaccionnoticias.com.mx\/index.php?rest_route=\/wp\/v2\/posts\/41265\/revisions\/41267"}],"wp:featuredmedia":[{"embeddable":true,"href":"https:\/\/www.interaccionnoticias.com.mx\/index.php?rest_route=\/wp\/v2\/media\/41266"}],"wp:attachment":[{"href":"https:\/\/www.interaccionnoticias.com.mx\/index.php?rest_route=%2Fwp%2Fv2%2Fmedia&parent=41265"}],"wp:term":[{"taxonomy":"category","embeddable":true,"href":"https:\/\/www.interaccionnoticias.com.mx\/index.php?rest_route=%2Fwp%2Fv2%2Fcategories&post=41265"},{"taxonomy":"post_tag","embeddable":true,"href":"https:\/\/www.interaccionnoticias.com.mx\/index.php?rest_route=%2Fwp%2Fv2%2Ftags&post=41265"}],"curies":[{"name":"wp","href":"https:\/\/api.w.org\/{rel}","templated":true}]}}