{"id":41256,"date":"2022-02-08T13:31:14","date_gmt":"2022-02-08T19:31:14","guid":{"rendered":"https:\/\/interaccionnoticias.com.mx\/?p=41256"},"modified":"2022-02-08T13:31:19","modified_gmt":"2022-02-08T19:31:19","slug":"mario-moreno-urge-que-se-esclarezca-que-paso-con-los-43","status":"publish","type":"post","link":"https:\/\/www.interaccionnoticias.com.mx\/?p=41256","title":{"rendered":"Mario Moreno: urge que se esclarezca qu\u00e9 pas\u00f3 con los 43"},"content":{"rendered":"\n<p><strong><em>&#8211; Considera urgente que la federaci\u00f3n avance en las investigaciones sobre el caso Ayotzinapa<\/em><\/strong><\/p>\n\n\n\n<p><strong>Rosario Garc\u00eda Orozco<\/strong><\/p>\n\n\n\n<p><strong>Chilpancingo, Gro., 8 de febrero del 2022.-<\/strong> El ex candidato a gobernador de Guerrero, Mario Moreno Arcos consider\u00f3 urgente que el gobierno federal cumpla con la palabra empe\u00f1ada de esclarecer los hechos violentos alrededor de la desaparici\u00f3n de los 43 normalistas de Ayotzinapa.<\/p>\n\n\n\n<p>En su muro de Facebook, Moreno Arcos record\u00f3 que cuando se generaron esos hechos el 26 y 27 de septiembre del 2014 en Iguala, \u00e9l era presidente municipal de Chilpancingo,&nbsp;<\/p>\n\n\n\n<p>\u00abme toc\u00f3, junto con sus padres, recibir en la explanada de la Plaza C\u00edvica a los malheridos j\u00f3venes integrantes del equipo de futbol Los Avispones, quienes por desgracia estuvieron en el lugar y la hora equivocada, quedando atrapados y totalmente indefensos aquella fat\u00eddica noche en la que resultaron varios lesionados de gravedad&nbsp; y muertos el chofer del cami\u00f3n del equipo y un jugador de apenas 15 a\u00f1os, David Josu\u00e9 Garc\u00eda Evangelista &#8216;El Zurdito'\u00bb.<\/p>\n\n\n\n<p>Agreg\u00f3 que ese hecho&nbsp; \u00abnadie en su sano juicio puede olvidar ni justificar\u00bb, &nbsp; un momento considerado como uno de los m\u00e1s graves atentados en materia de derechos humanos, \u00absolo comparado con la masacre de Tlatelolco, ocurrida el 2 de octubre de 1968 en la plaza de las Tres Culturas de la Ciudad de M\u00e9xico\u00bb.&nbsp;<\/p>\n\n\n\n<p>Mencion\u00f3 que el enfrentamiento entre estudiantes normalistas y polic\u00edas del estado y la Guardia Nacional del viernes pasado hace recordar que el origen de lo sucedido en la caseta de Palo Blanco, d\u00f3nde se registr\u00f3 un enfrentamiento que dej\u00f3 44 lesionados de ambos bandos, es el hecho de que no se han esclarecido los sucesos de septiembre del 2014.<\/p>\n\n\n\n<p>Durante esa movilizaci\u00f3n de los estudiantes normalistas, no se debi\u00f3 llegar nunca a los extremos, consider\u00f3 Mario Moreno, \u00ablo ocurrido, desafortunadamente, raya en un exceso muy peligroso que pudo costar muchas vidas inocentes\u00bb.&nbsp;<\/p>\n\n\n\n<p>Agreg\u00f3 que los actos de violencia no son justificables, \u00aba todas luces se salieron de control\u00bb, en especial \u00bb el quitar el freno a un tr\u00e1iler para que en su desbocada carrera arrollara todo lo que se cruzara en su camino. No. No es posible defender algo as\u00ed\u00bb.&nbsp;<\/p>\n\n\n\n<p>Por lo que insisti\u00f3 en que es urgente que el gobierno federal avance en las investigaciones sobre el Caso Ayotzinapa, para que se apliquen las sanciones a los responsables, como fue el \u00abcompromiso fundamental del presidente Andr\u00e9s Manuel L\u00f3pez Obrador, que a m\u00e1s de tres a\u00f1os de su administraci\u00f3n no ha cumplido, convirti\u00e9ndose en un clamor social dentro y fuera de M\u00e9xico por considerarse uno de los mayores actos de agravio social recientes, y en bandera de quienes con raz\u00f3n o sin ella, la utilizan sin control\u00bb.&nbsp;<\/p>\n\n\n\n<p>Reiter\u00f3 que m\u00e1s all\u00e1 de la instalaci\u00f3n de una Comisi\u00f3n de la Verdad, que solo trabaja en cientos de declaraciones y evidencias con m\u00e1s de 180 indiciados, que est\u00e1n bajo proceso penal, pero hasta el d\u00eda de hoy no hay un dictamen oficial sobre la desaparici\u00f3n de los 43 normalistas,&nbsp; supuestamente secuestrados por grupos del narcotr\u00e1fico e incinerados en un basurero\u00bb.&nbsp;<\/p>\n\n\n\n<p>Moreno Arcos insisti\u00f3 en su llamado a la mesura. \u00abLo ocurrido el pasado viernes no puede ni debe aceptarse como parte de una lucha social cuyo fondo es tan tr\u00e1gico y doloroso, justamente porque es la propia sociedad la que queda en medio sufriendo como siempre las consecuencias\u00bb.<\/p>\n","protected":false},"excerpt":{"rendered":"<p>&#8211; Considera urgente que la federaci\u00f3n avance en las investigaciones sobre el caso Ayotzinapa Rosario Garc\u00eda Orozco Chilpancingo, Gro., 8 de febrero del 2022.- El ex candidato a gobernador de&hellip; <\/p>\n","protected":false},"author":14,"featured_media":41254,"comment_status":"open","ping_status":"open","sticky":false,"template":"","format":"standard","meta":{"fifu_image_url":"","fifu_image_alt":"","footnotes":""},"categories":[21],"tags":[],"class_list":["post-41256","post","type-post","status-publish","format-standard","has-post-thumbnail","hentry","category-politica"],"_links":{"self":[{"href":"https:\/\/www.interaccionnoticias.com.mx\/index.php?rest_route=\/wp\/v2\/posts\/41256","targetHints":{"allow":["GET"]}}],"collection":[{"href":"https:\/\/www.interaccionnoticias.com.mx\/index.php?rest_route=\/wp\/v2\/posts"}],"about":[{"href":"https:\/\/www.interaccionnoticias.com.mx\/index.php?rest_route=\/wp\/v2\/types\/post"}],"author":[{"embeddable":true,"href":"https:\/\/www.interaccionnoticias.com.mx\/index.php?rest_route=\/wp\/v2\/users\/14"}],"replies":[{"embeddable":true,"href":"https:\/\/www.interaccionnoticias.com.mx\/index.php?rest_route=%2Fwp%2Fv2%2Fcomments&post=41256"}],"version-history":[{"count":1,"href":"https:\/\/www.interaccionnoticias.com.mx\/index.php?rest_route=\/wp\/v2\/posts\/41256\/revisions"}],"predecessor-version":[{"id":41257,"href":"https:\/\/www.interaccionnoticias.com.mx\/index.php?rest_route=\/wp\/v2\/posts\/41256\/revisions\/41257"}],"wp:featuredmedia":[{"embeddable":true,"href":"https:\/\/www.interaccionnoticias.com.mx\/index.php?rest_route=\/wp\/v2\/media\/41254"}],"wp:attachment":[{"href":"https:\/\/www.interaccionnoticias.com.mx\/index.php?rest_route=%2Fwp%2Fv2%2Fmedia&parent=41256"}],"wp:term":[{"taxonomy":"category","embeddable":true,"href":"https:\/\/www.interaccionnoticias.com.mx\/index.php?rest_route=%2Fwp%2Fv2%2Fcategories&post=41256"},{"taxonomy":"post_tag","embeddable":true,"href":"https:\/\/www.interaccionnoticias.com.mx\/index.php?rest_route=%2Fwp%2Fv2%2Ftags&post=41256"}],"curies":[{"name":"wp","href":"https:\/\/api.w.org\/{rel}","templated":true}]}}