{"id":41248,"date":"2022-02-07T22:44:45","date_gmt":"2022-02-08T04:44:45","guid":{"rendered":"https:\/\/interaccionnoticias.com.mx\/?p=41248"},"modified":"2022-02-07T22:44:50","modified_gmt":"2022-02-08T04:44:50","slug":"buscan-restos-oseos-de-la-nina-ayelin-desaparecida-y-asesinada-en-2020","status":"publish","type":"post","link":"https:\/\/www.interaccionnoticias.com.mx\/?p=41248","title":{"rendered":"Buscan restos \u00f3seos de la ni\u00f1a Ayelin, desaparecida y asesinada en 2020"},"content":{"rendered":"\n<p><strong><em>&#8211; Personal especializado, con resguardo de la Guardia Nacional realizan los trabajos<\/em><\/strong><\/p>\n\n\n\n<p><strong>Diana Laura Morales<\/strong><\/p>\n\n\n\n<p>Flora Marcelo Roja, quien participa en la jornada de b\u00fasqueda de restos \u00f3seos de su hija, Ayelin Iczae, inform\u00f3 que este lunes fueron retomadas las diligencias de investigaci\u00f3n para encontrar los restos de la menor desaparecida, cuyo cad\u00e1ver fue localizado mutilado el 20 de octubre de 2020, en el municipio de Tixtla.<\/p>\n\n\n\n<p>La mam\u00e1 de la menor de 13 a\u00f1os, inform\u00f3 que gracias a su insistencia ante las autoridades, despu\u00e9s de dos a\u00f1os fueron retomadas las tareas en busca de 39 restos \u00f3seos de Ayelin.<\/p>\n\n\n\n<p>Los trabajos se encuentran a cargo del Observatorio Ciudadano Nacional de Feminicidio (OCNF), con el acompa\u00f1amiento de la Comisi\u00f3n de Derechos Humanos del Estado de Guerrero (CDHEG), Colectivos de Personas Desaparecidas y peritos de de la Fiscal\u00eda General del Estado (FGE).<\/p>\n\n\n\n<p>La mam\u00e1 de Ayelin tambi\u00e9n declar\u00f3 que hay cuatro detenidos por el feminicidio de la menor Ayelin, adem\u00e1s se cuenta con pruebas gen\u00e9ticas que corresponden a uno de los cuatro detenidos, por lo que espera que con ese avance, se pueda dictar la condena m\u00e1xima a los implicados, una vez que el proceso estuvo detenido por la pandemia del Covid 19.<\/p>\n\n\n\n<p>Marcelo Roja, dijo que se encuentran en busca de 89 restos \u00f3seos de Ayelin y que durante el primer d\u00eda se encontraron restos humanos que tendr\u00e1n que ser analizados por los peritos del Observatorio Nacional de Feminicidios y la Fiscal\u00eda del Estado, para determinar la identidad.<\/p>\n\n\n\n<p>Las diligencias de b\u00fasqueda seguir\u00e1n realiz\u00e1ndose durante los siguientes d\u00edas en el municipio de Tixtla, en ellas participan activistas, colectivos y la mam\u00e1 de la menor, quien a dos a\u00f1os del feminicidio de su hija, logr\u00f3 que las autoridades retomaran el caso.<\/p>\n","protected":false},"excerpt":{"rendered":"<p>&#8211; Personal especializado, con resguardo de la Guardia Nacional realizan los trabajos Diana Laura Morales Flora Marcelo Roja, quien participa en la jornada de b\u00fasqueda de restos \u00f3seos de su&hellip; <\/p>\n","protected":false},"author":25,"featured_media":41245,"comment_status":"open","ping_status":"open","sticky":false,"template":"","format":"standard","meta":{"fifu_image_url":"","fifu_image_alt":"","footnotes":""},"categories":[27],"tags":[],"class_list":["post-41248","post","type-post","status-publish","format-standard","has-post-thumbnail","hentry","category-seguridad-publica"],"_links":{"self":[{"href":"https:\/\/www.interaccionnoticias.com.mx\/index.php?rest_route=\/wp\/v2\/posts\/41248","targetHints":{"allow":["GET"]}}],"collection":[{"href":"https:\/\/www.interaccionnoticias.com.mx\/index.php?rest_route=\/wp\/v2\/posts"}],"about":[{"href":"https:\/\/www.interaccionnoticias.com.mx\/index.php?rest_route=\/wp\/v2\/types\/post"}],"author":[{"embeddable":true,"href":"https:\/\/www.interaccionnoticias.com.mx\/index.php?rest_route=\/wp\/v2\/users\/25"}],"replies":[{"embeddable":true,"href":"https:\/\/www.interaccionnoticias.com.mx\/index.php?rest_route=%2Fwp%2Fv2%2Fcomments&post=41248"}],"version-history":[{"count":1,"href":"https:\/\/www.interaccionnoticias.com.mx\/index.php?rest_route=\/wp\/v2\/posts\/41248\/revisions"}],"predecessor-version":[{"id":41249,"href":"https:\/\/www.interaccionnoticias.com.mx\/index.php?rest_route=\/wp\/v2\/posts\/41248\/revisions\/41249"}],"wp:featuredmedia":[{"embeddable":true,"href":"https:\/\/www.interaccionnoticias.com.mx\/index.php?rest_route=\/wp\/v2\/media\/41245"}],"wp:attachment":[{"href":"https:\/\/www.interaccionnoticias.com.mx\/index.php?rest_route=%2Fwp%2Fv2%2Fmedia&parent=41248"}],"wp:term":[{"taxonomy":"category","embeddable":true,"href":"https:\/\/www.interaccionnoticias.com.mx\/index.php?rest_route=%2Fwp%2Fv2%2Fcategories&post=41248"},{"taxonomy":"post_tag","embeddable":true,"href":"https:\/\/www.interaccionnoticias.com.mx\/index.php?rest_route=%2Fwp%2Fv2%2Ftags&post=41248"}],"curies":[{"name":"wp","href":"https:\/\/api.w.org\/{rel}","templated":true}]}}