{"id":41229,"date":"2022-02-07T18:37:28","date_gmt":"2022-02-08T00:37:28","guid":{"rendered":"https:\/\/interaccionnoticias.com.mx\/?p=41229"},"modified":"2022-02-07T18:37:34","modified_gmt":"2022-02-08T00:37:34","slug":"los-olvidados-rechazan-infiltracion-del-crimen-en-ayotzinapa","status":"publish","type":"post","link":"https:\/\/www.interaccionnoticias.com.mx\/?p=41229","title":{"rendered":"\u201cLos Olvidados\u201d rechazan infiltraci\u00f3n del crimen en Ayotzinapa"},"content":{"rendered":"\n<p><strong><em>&#8211; Aunque s\u00ed admiten que durante algunas protestas, llegan a meterse personas externas que pretenden hacer desmanes<br>&#8211; \u201cSe les detecta y se les expulsa\u201d, se\u00f1ala Francisco Ecgeverr\u00eda, hermano de uno de los asesiandos en 2011<\/em><\/strong><\/p>\n\n\n\n<p><strong>Rogelio Agust\u00edn<\/strong><\/p>\n\n\n\n<p>El vocero del colectivo \u201dLos Olvidados\u201d, Francisco Echeverr\u00eda de Jes\u00fas neg\u00f3 que la Normal Rural de Ayotzinapa se encuentre infiltrada por la delincuencia, aunque s\u00ed reconoci\u00f3 que en algunas ocasiones, durante las protestas llegan meterse personas externas que pretenden generar desmanes.<\/p>\n\n\n\n<p>Echeverr\u00eda de Jes\u00fas, es egresado de la Normal Rural correspondiente a la generaci\u00f3n 2012-2016, quien sostiene que las declaraciones del presidente de la Rep\u00fablica, Andr\u00e9s Manuel L\u00f3pez Obrador no tienen relaci\u00f3n con lo que verdaderamente pasa en Ayotzinapa.<\/p>\n\n\n\n<p>\u201cEs verdad que se respetan todas las opiniones, pero la Normal de Ayotzinapa no tiene nada que ver con ese tipo de situaciones, uno se deslinda de cualquier situaci\u00f3n de ese tipo\u201d, destac\u00f3.<\/p>\n\n\n\n<p>Sin embargo, reconoci\u00f3 que hay situaciones que s\u00ed llegan a presentarse cada que se registra alguna movilizaci\u00f3n, pero no al grado de que la delincuencia se involucre en las actividades.<\/p>\n\n\n\n<p>\u201cA veces, dentro de las movilizaciones, a veces hay personas externas a la Normal que quieren llegar a poder meterse, pero cuando se les detecta se les exige que se retiren\u201d, asever\u00f3.<\/p>\n\n\n\n<p>Sin embargo, dijo que en el caso del colectivo \u201cLos Olvidados\u201d van a estar pendientes de lo que suceda en los pr\u00f3ximos d\u00edas, porque asume que se deben buscar los puentes de comunicaci\u00f3n.<\/p>\n\n\n\n<p>\u201cAunque luego (las autoridades) llaman al dialogo y luego ellos son los que no atienden, hasta la fecha no se aclara lo relacionado con los 43 desaparecidos (del 26 de septiembtre de 2014, en Iguala) ni jusicia para los 10 compa\u00f1eros que han sido asesinados en los \u00faltimos a\u00f1os\u201d, anot\u00f3.<\/p>\n\n\n\n<p>A pregunta expresa, refiri\u00f3 que las declaraciones del presidente L\u00f3pez Obrador \u201cno tienen nada que ver\u201d con lo que pasa en Ayotzinapa.<\/p>\n\n\n\n<p>Indic\u00f3: \u201cAh\u00ed estudian puros hijos de campesinos que van con el objetivo de estudiar y ser maestros, Ayotzinapa es una normal de lucha que tiene muchas necesidades, pero no hay infiltrados del crimen organizado, esa normal siempre ha sido limpia\u201d.<\/p>\n\n\n\n<p>Francisco es hermano de Gabriel Echeverr\u00eda de Jes\u00fas, quien junto con Alexis Herrera Pino fueron asesinados durante un desalojo registrado el 12 de diciembre de 2011 en la Autopista del Sol, en la administraci\u00f3n federal de Felipe Calder\u00f3n Hinojoso y durante el segundo mandato estatal de Angel Aguirre Rivero.<\/p>\n","protected":false},"excerpt":{"rendered":"<p>&#8211; Aunque s\u00ed admiten que durante algunas protestas, llegan a meterse personas externas que pretenden hacer desmanes&#8211; \u201cSe les detecta y se les expulsa\u201d, se\u00f1ala Francisco Ecgeverr\u00eda, hermano de uno&hellip; <\/p>\n","protected":false},"author":21,"featured_media":41230,"comment_status":"open","ping_status":"open","sticky":false,"template":"","format":"standard","meta":{"fifu_image_url":"","fifu_image_alt":"","footnotes":""},"categories":[15],"tags":[],"class_list":["post-41229","post","type-post","status-publish","format-standard","has-post-thumbnail","hentry","category-movimientos-sociales"],"_links":{"self":[{"href":"https:\/\/www.interaccionnoticias.com.mx\/index.php?rest_route=\/wp\/v2\/posts\/41229","targetHints":{"allow":["GET"]}}],"collection":[{"href":"https:\/\/www.interaccionnoticias.com.mx\/index.php?rest_route=\/wp\/v2\/posts"}],"about":[{"href":"https:\/\/www.interaccionnoticias.com.mx\/index.php?rest_route=\/wp\/v2\/types\/post"}],"author":[{"embeddable":true,"href":"https:\/\/www.interaccionnoticias.com.mx\/index.php?rest_route=\/wp\/v2\/users\/21"}],"replies":[{"embeddable":true,"href":"https:\/\/www.interaccionnoticias.com.mx\/index.php?rest_route=%2Fwp%2Fv2%2Fcomments&post=41229"}],"version-history":[{"count":1,"href":"https:\/\/www.interaccionnoticias.com.mx\/index.php?rest_route=\/wp\/v2\/posts\/41229\/revisions"}],"predecessor-version":[{"id":41231,"href":"https:\/\/www.interaccionnoticias.com.mx\/index.php?rest_route=\/wp\/v2\/posts\/41229\/revisions\/41231"}],"wp:featuredmedia":[{"embeddable":true,"href":"https:\/\/www.interaccionnoticias.com.mx\/index.php?rest_route=\/wp\/v2\/media\/41230"}],"wp:attachment":[{"href":"https:\/\/www.interaccionnoticias.com.mx\/index.php?rest_route=%2Fwp%2Fv2%2Fmedia&parent=41229"}],"wp:term":[{"taxonomy":"category","embeddable":true,"href":"https:\/\/www.interaccionnoticias.com.mx\/index.php?rest_route=%2Fwp%2Fv2%2Fcategories&post=41229"},{"taxonomy":"post_tag","embeddable":true,"href":"https:\/\/www.interaccionnoticias.com.mx\/index.php?rest_route=%2Fwp%2Fv2%2Ftags&post=41229"}],"curies":[{"name":"wp","href":"https:\/\/api.w.org\/{rel}","templated":true}]}}