{"id":41227,"date":"2022-02-07T15:44:03","date_gmt":"2022-02-07T21:44:03","guid":{"rendered":"https:\/\/interaccionnoticias.com.mx\/?p=41227"},"modified":"2022-02-07T15:44:08","modified_gmt":"2022-02-07T21:44:08","slug":"fge-investiga-la-quema-de-camiones-repartidores-de-coca-cola-y-el-asesinato-cuatro-personas","status":"publish","type":"post","link":"https:\/\/www.interaccionnoticias.com.mx\/?p=41227","title":{"rendered":"FGE investiga la quema de camiones repartidores de Coca Cola y el asesinato cuatro personas"},"content":{"rendered":"\n<p><strong><em>&#8211; Ambos hechos registrados el fin de semana en Iguala y Costa Chica<\/em><\/strong><\/p>\n\n\n\n<p><strong>Rogelio Agust\u00edn<\/strong><\/p>\n\n\n\n<p>La Fiscal\u00eda General del Estado (FGE) confirm\u00f3 que ya investiga los eventos criminales ocurridos el fin de semana; entre ellos la quema de dos camiones distribuidores de Coca Cola en Iguala de la Independencia, as\u00ed como el asesinato de cuatro personas, en la carretera que va de Tierra Colorada hacia el municipio de Ayutla de los Libres.<\/p>\n\n\n\n<p>La ma\u00f1ana del lunes 7 de febrero, la Mesa Central para la Construcci\u00f3n de la Paz sesion\u00f3 sin la gobernadora Evelyn Cecia Salgado Pineda, quien estuvo representada por el secretario general de Gobierno, Ludwig Marcial Reynoso N\u00fa\u00f1ez.<\/p>\n\n\n\n<p>El responsable de la pol\u00edtica interna en la entidad, trabaj\u00f3 junto con autoridades militares y civiles en el seguimiento a la incidencia delictiva registrada durante el fin de semana.<\/p>\n\n\n\n<p>En dicha reuni\u00f3n, la titular de la Fiscal\u00eda General del Estado (FGE), Sandra Luz Valdovinos Salmer\u00f3n, inform\u00f3 que en relaci\u00f3n al incendio de dos camiones distribuidores de refresco, en Iguala, propiedad de una empresa privada, se realizan las investigaciones correspondientes, para efecto de esclarecer los hechos.<\/p>\n\n\n\n<p>La tarde-noche del s\u00e1bado 5 de febrero, civiles armados interceptaron a dos unidades distibuidoras de refreso en el periferico sur de Iguala de la Independencia, bajaron a los choferes y acto seguido les prendieron fuego.<\/p>\n\n\n\n<p>El hecho fue reportado por vecinos de las colonias aleda\u00f1as, pyes tem\u00edan que los camiones estallaran y se provocara una afectaci\u00f3n mayor, lo que moviliz\u00f3 a bomberos y brigadistas de Protecci\u00f3n Civil.<\/p>\n\n\n\n<p>Por ese hecho no se reportaron personas lesionadas, solo hubo da\u00f1os materiales.<\/p>\n\n\n\n<p>En la misma sesi\u00f3n, se infirm\u00f3 que ya est\u00e1 en curso la investigaci\u00f3n respecto al ataque a balazos que dej\u00f3 el saldo de cuatro personas muertas en la carretera estatal Tierra Colorada-Ayutla de los Libres, con la indicaci\u00f3n de que entre las v\u00edctimas est\u00e1 una mujer.<\/p>\n","protected":false},"excerpt":{"rendered":"<p>&#8211; Ambos hechos registrados el fin de semana en Iguala y Costa Chica Rogelio Agust\u00edn La Fiscal\u00eda General del Estado (FGE) confirm\u00f3 que ya investiga los eventos criminales ocurridos el&hellip; <\/p>\n","protected":false},"author":21,"featured_media":41205,"comment_status":"open","ping_status":"open","sticky":false,"template":"","format":"standard","meta":{"fifu_image_url":"","fifu_image_alt":"","footnotes":""},"categories":[27],"tags":[],"class_list":["post-41227","post","type-post","status-publish","format-standard","has-post-thumbnail","hentry","category-seguridad-publica"],"_links":{"self":[{"href":"https:\/\/www.interaccionnoticias.com.mx\/index.php?rest_route=\/wp\/v2\/posts\/41227","targetHints":{"allow":["GET"]}}],"collection":[{"href":"https:\/\/www.interaccionnoticias.com.mx\/index.php?rest_route=\/wp\/v2\/posts"}],"about":[{"href":"https:\/\/www.interaccionnoticias.com.mx\/index.php?rest_route=\/wp\/v2\/types\/post"}],"author":[{"embeddable":true,"href":"https:\/\/www.interaccionnoticias.com.mx\/index.php?rest_route=\/wp\/v2\/users\/21"}],"replies":[{"embeddable":true,"href":"https:\/\/www.interaccionnoticias.com.mx\/index.php?rest_route=%2Fwp%2Fv2%2Fcomments&post=41227"}],"version-history":[{"count":1,"href":"https:\/\/www.interaccionnoticias.com.mx\/index.php?rest_route=\/wp\/v2\/posts\/41227\/revisions"}],"predecessor-version":[{"id":41228,"href":"https:\/\/www.interaccionnoticias.com.mx\/index.php?rest_route=\/wp\/v2\/posts\/41227\/revisions\/41228"}],"wp:featuredmedia":[{"embeddable":true,"href":"https:\/\/www.interaccionnoticias.com.mx\/index.php?rest_route=\/wp\/v2\/media\/41205"}],"wp:attachment":[{"href":"https:\/\/www.interaccionnoticias.com.mx\/index.php?rest_route=%2Fwp%2Fv2%2Fmedia&parent=41227"}],"wp:term":[{"taxonomy":"category","embeddable":true,"href":"https:\/\/www.interaccionnoticias.com.mx\/index.php?rest_route=%2Fwp%2Fv2%2Fcategories&post=41227"},{"taxonomy":"post_tag","embeddable":true,"href":"https:\/\/www.interaccionnoticias.com.mx\/index.php?rest_route=%2Fwp%2Fv2%2Ftags&post=41227"}],"curies":[{"name":"wp","href":"https:\/\/api.w.org\/{rel}","templated":true}]}}