{"id":41225,"date":"2022-02-07T15:13:30","date_gmt":"2022-02-07T21:13:30","guid":{"rendered":"https:\/\/interaccionnoticias.com.mx\/?p=41225"},"modified":"2022-02-07T15:13:34","modified_gmt":"2022-02-07T21:13:34","slug":"por-primera-vez-en-100-dias-guerrero-se-encuentra-en-color-amarillo-del-semaforo-epidemiologico","status":"publish","type":"post","link":"https:\/\/www.interaccionnoticias.com.mx\/?p=41225","title":{"rendered":"Por primera vez en 100 d\u00edas, Guerrero se encuentra en color amarillo del Sem\u00e1foro Epidemiol\u00f3gico"},"content":{"rendered":"\n<p><strong><em>&#8211; Desde el cambio de gobierno, en octubre de 2021 se manten\u00eda en verde<\/em><\/strong><\/p>\n\n\n\n<p><strong>Jes\u00fas Dorantes<\/strong><\/p>\n\n\n\n<p><strong>Chilpancingo , Gro .-<\/strong> El lunes 7 de febrero, despu\u00e9s de m\u00e1s de 100 d\u00edas de permanecer en el color verde del Sem\u00e1foro Epidemiol\u00f3gico impuesto por el Covid-19, Guerrero pas\u00f3 al color amarillo, derivado del repunte registrado en materia de contagios confirmados por la Secretar\u00eda de Salud.<\/p>\n\n\n\n<p>De acuerdo con el reporte emitido esta ma\u00f1ana, se anota que al corte al domingo 6 de febrero, en Guerrero se registran mil 651 casos activos en todo el estado, principalmente localizados en Chilpancingo, con 708 casos.<\/p>\n\n\n\n<p>Acapulco tienen 385; Zihuatanejo 276 , Tlapa registra 214, Taxco 162, Ometepec 155, Chilapa 127, Iguala 102, Tixtla 73 y Eduardo Neri 31 casos activos.<\/p>\n\n\n\n<p>Desde el inicio de la administraci\u00f3n de la gobernadora Evelyn Salgado Pineda, el pasado 15 de octubre de 2021, la entidad hab\u00eda permanecido en color verde, pese a la llegada de la cuarta ola de Covid-19 y la temporada vacacional de fin de a\u00f1o.<\/p>\n\n\n\n<p>Pasaron 30 d\u00edas para que si generar\u00e1 la cifra para el cambio de Sem\u00e1foro.<\/p>\n\n\n\n<p>En el comunicado se pide a la ciudadan\u00eda no abandonar las medidas b\u00e1sicas de prevenci\u00f3n, como lo son la sana distancia, lavado de manos y uso de gel antibacterial.<\/p>\n\n\n\n<p>Adem\u00e1s de solicitar a los Guerrerenses con s\u00edntomas aislarse siete d\u00edas y no automedicarse, para efecto de evitar complicaciones graves.<\/p>\n","protected":false},"excerpt":{"rendered":"<p>&#8211; Desde el cambio de gobierno, en octubre de 2021 se manten\u00eda en verde Jes\u00fas Dorantes Chilpancingo , Gro .- El lunes 7 de febrero, despu\u00e9s de m\u00e1s de 100&hellip; <\/p>\n","protected":false},"author":8,"featured_media":41222,"comment_status":"open","ping_status":"open","sticky":false,"template":"","format":"standard","meta":{"fifu_image_url":"","fifu_image_alt":"","footnotes":""},"categories":[3],"tags":[],"class_list":["post-41225","post","type-post","status-publish","format-standard","has-post-thumbnail","hentry","category-covid-19"],"_links":{"self":[{"href":"https:\/\/www.interaccionnoticias.com.mx\/index.php?rest_route=\/wp\/v2\/posts\/41225","targetHints":{"allow":["GET"]}}],"collection":[{"href":"https:\/\/www.interaccionnoticias.com.mx\/index.php?rest_route=\/wp\/v2\/posts"}],"about":[{"href":"https:\/\/www.interaccionnoticias.com.mx\/index.php?rest_route=\/wp\/v2\/types\/post"}],"author":[{"embeddable":true,"href":"https:\/\/www.interaccionnoticias.com.mx\/index.php?rest_route=\/wp\/v2\/users\/8"}],"replies":[{"embeddable":true,"href":"https:\/\/www.interaccionnoticias.com.mx\/index.php?rest_route=%2Fwp%2Fv2%2Fcomments&post=41225"}],"version-history":[{"count":1,"href":"https:\/\/www.interaccionnoticias.com.mx\/index.php?rest_route=\/wp\/v2\/posts\/41225\/revisions"}],"predecessor-version":[{"id":41226,"href":"https:\/\/www.interaccionnoticias.com.mx\/index.php?rest_route=\/wp\/v2\/posts\/41225\/revisions\/41226"}],"wp:featuredmedia":[{"embeddable":true,"href":"https:\/\/www.interaccionnoticias.com.mx\/index.php?rest_route=\/wp\/v2\/media\/41222"}],"wp:attachment":[{"href":"https:\/\/www.interaccionnoticias.com.mx\/index.php?rest_route=%2Fwp%2Fv2%2Fmedia&parent=41225"}],"wp:term":[{"taxonomy":"category","embeddable":true,"href":"https:\/\/www.interaccionnoticias.com.mx\/index.php?rest_route=%2Fwp%2Fv2%2Fcategories&post=41225"},{"taxonomy":"post_tag","embeddable":true,"href":"https:\/\/www.interaccionnoticias.com.mx\/index.php?rest_route=%2Fwp%2Fv2%2Ftags&post=41225"}],"curies":[{"name":"wp","href":"https:\/\/api.w.org\/{rel}","templated":true}]}}