{"id":41221,"date":"2022-02-07T15:07:34","date_gmt":"2022-02-07T21:07:34","guid":{"rendered":"https:\/\/interaccionnoticias.com.mx\/?p=41221"},"modified":"2022-02-07T15:07:38","modified_gmt":"2022-02-07T21:07:38","slug":"aun-no-hay-fecha-para-el-proceso-de-renovacion-de-la-dirigencia-del-pri-estatal-esto-urge-hector-apreza","status":"publish","type":"post","link":"https:\/\/www.interaccionnoticias.com.mx\/?p=41221","title":{"rendered":"Aun no hay fecha para el proceso de renovaci\u00f3n de la dirigencia del PRI estatal, \u00abesto urge\u00bb: H\u00e9ctor Apreza"},"content":{"rendered":"\n<p><strong>Rosario Garc\u00eda Orozco<\/strong><\/p>\n\n\n\n<p><strong>Chilpancingo, Gro., 7 de febrero del 2022.-<\/strong> El presidente estatal del PRI, H\u00e9ctor Apreza Patr\u00f3n confi\u00f3 en que en unos d\u00edas m\u00e1s el Comit\u00e9 Ejecutivo Nacional de ese partido ya emita la convocatoria para la renovaci\u00f3n del Comit\u00e9 estatal, \u00abesto urge\u00bb, insisti\u00f3.<\/p>\n\n\n\n<p>Dijo que formalmente el proceso inici\u00f3 desde el momento en que el Consejo Pol\u00edtico Estatal, a trav\u00e9s de la Comisi\u00f3n permanente, aprob\u00f3 el m\u00e9todo de elecci\u00f3n; hecho que se notific\u00f3 ya al Comit\u00e9 Ejecutivo Nacional del PRI, para que haga lo propio y emita la convocatoria correspondiente para la renovaci\u00f3n del Comit\u00e9 Directivo Estatal.<\/p>\n\n\n\n<p>Agreg\u00f3 que en Guerrero la dirigencia de ese partido se mantiene en espera de que el comit\u00e9 nacional sancione el procedimiento y emita la convocatoria, para conocer el calendario, la fecha de la elecci\u00f3n y los requisitos de registro para quienes deseen participar.<\/p>\n\n\n\n<p>Confi\u00f3 en que ya en los pr\u00f3ximos d\u00edas se emita la convocatoria, \u00abya es urgente; se ha venido planteando desde hace 7 meses que es urgente la renovaci\u00f3n y espero que en pr\u00f3ximos d\u00edas se emita la convocatoria\u00bb, insisti\u00f3.<\/p>\n\n\n\n<p>Sobre la renuncia de personajes de la vida pol\u00edtica del PRI, y el anuncio de otros militantes en el sentido de que dejar\u00e1n las filas de ese partido, Apreza Patr\u00f3n coment\u00f3 que quienes han dejado al partido, entre ellos los hermanos Ricardo y Javier Taja, \u00abfueron electos candidatos de la misma forma en que se va a elegir al presidente estatal del PRI\u00bb.<\/p>\n\n\n\n<p>Mientras que a la militancia del tricolor los llam\u00f3 a seguir actuando con responsabilidad, con behemencia, \u00abhoy Guerrero requiere de un partido fuerte, que escuche a la militancia, pero tambi\u00e9n se requiere que estemos unidos para poder contribuir a que Guerrero y M\u00e9xico vivan en un escenario mejor<\/p>\n","protected":false},"excerpt":{"rendered":"<p>Rosario Garc\u00eda Orozco Chilpancingo, Gro., 7 de febrero del 2022.- El presidente estatal del PRI, H\u00e9ctor Apreza Patr\u00f3n confi\u00f3 en que en unos d\u00edas m\u00e1s el Comit\u00e9 Ejecutivo Nacional de&hellip; <\/p>\n","protected":false},"author":14,"featured_media":41223,"comment_status":"open","ping_status":"open","sticky":false,"template":"","format":"standard","meta":{"fifu_image_url":"","fifu_image_alt":"","footnotes":""},"categories":[18],"tags":[],"class_list":["post-41221","post","type-post","status-publish","format-standard","has-post-thumbnail","hentry","category-partidos-politicos"],"_links":{"self":[{"href":"https:\/\/www.interaccionnoticias.com.mx\/index.php?rest_route=\/wp\/v2\/posts\/41221","targetHints":{"allow":["GET"]}}],"collection":[{"href":"https:\/\/www.interaccionnoticias.com.mx\/index.php?rest_route=\/wp\/v2\/posts"}],"about":[{"href":"https:\/\/www.interaccionnoticias.com.mx\/index.php?rest_route=\/wp\/v2\/types\/post"}],"author":[{"embeddable":true,"href":"https:\/\/www.interaccionnoticias.com.mx\/index.php?rest_route=\/wp\/v2\/users\/14"}],"replies":[{"embeddable":true,"href":"https:\/\/www.interaccionnoticias.com.mx\/index.php?rest_route=%2Fwp%2Fv2%2Fcomments&post=41221"}],"version-history":[{"count":1,"href":"https:\/\/www.interaccionnoticias.com.mx\/index.php?rest_route=\/wp\/v2\/posts\/41221\/revisions"}],"predecessor-version":[{"id":41224,"href":"https:\/\/www.interaccionnoticias.com.mx\/index.php?rest_route=\/wp\/v2\/posts\/41221\/revisions\/41224"}],"wp:featuredmedia":[{"embeddable":true,"href":"https:\/\/www.interaccionnoticias.com.mx\/index.php?rest_route=\/wp\/v2\/media\/41223"}],"wp:attachment":[{"href":"https:\/\/www.interaccionnoticias.com.mx\/index.php?rest_route=%2Fwp%2Fv2%2Fmedia&parent=41221"}],"wp:term":[{"taxonomy":"category","embeddable":true,"href":"https:\/\/www.interaccionnoticias.com.mx\/index.php?rest_route=%2Fwp%2Fv2%2Fcategories&post=41221"},{"taxonomy":"post_tag","embeddable":true,"href":"https:\/\/www.interaccionnoticias.com.mx\/index.php?rest_route=%2Fwp%2Fv2%2Ftags&post=41221"}],"curies":[{"name":"wp","href":"https:\/\/api.w.org\/{rel}","templated":true}]}}