{"id":41215,"date":"2022-02-07T10:06:49","date_gmt":"2022-02-07T16:06:49","guid":{"rendered":"https:\/\/interaccionnoticias.com.mx\/?p=41215"},"modified":"2022-02-07T10:06:53","modified_gmt":"2022-02-07T16:06:53","slug":"ayotzinapa-esta-infiltrada-por-la-delincuencia-dice-el-presidente-de-la-republica","status":"publish","type":"post","link":"https:\/\/www.interaccionnoticias.com.mx\/?p=41215","title":{"rendered":"\u201cAyotzinapa est\u00e1 infiltrada por la delincuencia\u201d, dice el presidente de la Rep\u00fablica"},"content":{"rendered":"\n<p><strong><em>&#8211; \u201cLos estudiantes no lo saben\u201d, se\u00f1ala Andr\u00e9s Manuel L\u00f3pez Obrador en su conferencia matutina, lamenta el enfrentamiento del viernes en la Autopista del Sol<\/em><\/strong><\/p>\n\n\n\n<p><strong>Rogelio Agust\u00edn<\/strong><\/p>\n\n\n\n<p>El presidente de la Rep\u00fablica, Andr\u00e9s Manuel L\u00f3pez Obrador revel\u00f3 que la Normal Rural de Ayotzinapa \u201cest\u00e1 infiltrada por gente dedicada a actividades il\u00edcitas\u201d, situaci\u00f3n que los estudiantes \u201cni siquiera lo saben\u201d, adem\u00e1s, los conmin\u00f3 a cambiar sus mecanismos de lucha, para evitar poner en riesgo la integridad de las personas.&nbsp;&nbsp;<\/p>\n\n\n\n<p>En su rueda de prensa matutina, que este lunes 7 de febrero se desarroll\u00f3 en Palacio Nacional, el jefe del Ejecutivo federal habl\u00f3 sobre el enfrentamiento suscitado en la caseta de Palo Blanco de la Autopista del Sol, la jornada del viernes pasado.&nbsp; &nbsp;<\/p>\n\n\n\n<p>\u201cEs muy lamentable lo que sucedi\u00f3, fue muy grave porque pudo haber una tragedia, muchos muertos. Tuvieron suerte de que el trailer se estrell\u00f3 en una caseta, en un edifico de turismo, eso lo detuvo, porque hab\u00eda puestos de comerciantes que pudieron perder la vida\u201d, dijo el presidente al referirse a las im\u00e1genes del cami\u00f3n de carga que fue lanzado sobre el personal de la Guardia Nacional y la Polic\u00eda del Estado.<\/p>\n\n\n\n<p><strong>El hecho, refiri\u00f3 que es \u201cmuy lamentable\u201d.<\/strong><\/p>\n\n\n\n<p>Luego hizo un llamado a la comunidad estudiantil de la Normal Rural: \u201cQuiero hacer un llamado a los muchachos de Ayotzinapa para que ya no act\u00faen as\u00ed, porque con esas acciones ponen en riesgo la vida de otras personas, y el revolucionario tiene que cuidar al pueblo,&nbsp;&nbsp;y si lucha por ideales no es por el lado de la destrucci\u00f3n\u201d.<\/p>\n\n\n\n<p>Y habl\u00f3 de la infiltraci\u00f3n del plantel: \u201cQue dialoguen, he dado la instrucci\u00f3n de que los reciban, porque tambi\u00e9n tenemos informaci\u00f3n de qu\u00e9 hay gente dedicada a actividades il\u00edcitas infiltradas en este movimiento, esto a lo mejor ni ellos lo saben, y por eso lo estoy planteando\u201d.<\/p>\n\n\n\n<p>En 2014, cuando se suscitaron los ataques del 26 de septiembre, en Iguala de la Independencia, la entonces Procuradur\u00eda General de la Rep\u00fablica (PGR) a cargo de Jes\u00fas Murillo Karam manej\u00f3 a trav\u00e9s de diversos medios de informaci\u00f3n, la versi\u00f3n de que la comunidad estudiantil de Ayotzinapa hab\u00eda sido infiltrada por el grupo delictivo de \u201cLos Rojos\u201d, lo que habr\u00eda desatado los ataques de Guerreros Unidos, grupo delincuencial que controlaba parte importante de la regi\u00f3n Norte de Guerrero, particularmente a la cabecera municipal de Iguala.<\/p>\n","protected":false},"excerpt":{"rendered":"<p>&#8211; \u201cLos estudiantes no lo saben\u201d, se\u00f1ala Andr\u00e9s Manuel L\u00f3pez Obrador en su conferencia matutina, lamenta el enfrentamiento del viernes en la Autopista del Sol Rogelio Agust\u00edn El presidente de&hellip; <\/p>\n","protected":false},"author":21,"featured_media":41216,"comment_status":"open","ping_status":"open","sticky":false,"template":"","format":"standard","meta":{"fifu_image_url":"","fifu_image_alt":"","footnotes":""},"categories":[15],"tags":[],"class_list":["post-41215","post","type-post","status-publish","format-standard","has-post-thumbnail","hentry","category-movimientos-sociales"],"_links":{"self":[{"href":"https:\/\/www.interaccionnoticias.com.mx\/index.php?rest_route=\/wp\/v2\/posts\/41215","targetHints":{"allow":["GET"]}}],"collection":[{"href":"https:\/\/www.interaccionnoticias.com.mx\/index.php?rest_route=\/wp\/v2\/posts"}],"about":[{"href":"https:\/\/www.interaccionnoticias.com.mx\/index.php?rest_route=\/wp\/v2\/types\/post"}],"author":[{"embeddable":true,"href":"https:\/\/www.interaccionnoticias.com.mx\/index.php?rest_route=\/wp\/v2\/users\/21"}],"replies":[{"embeddable":true,"href":"https:\/\/www.interaccionnoticias.com.mx\/index.php?rest_route=%2Fwp%2Fv2%2Fcomments&post=41215"}],"version-history":[{"count":1,"href":"https:\/\/www.interaccionnoticias.com.mx\/index.php?rest_route=\/wp\/v2\/posts\/41215\/revisions"}],"predecessor-version":[{"id":41217,"href":"https:\/\/www.interaccionnoticias.com.mx\/index.php?rest_route=\/wp\/v2\/posts\/41215\/revisions\/41217"}],"wp:featuredmedia":[{"embeddable":true,"href":"https:\/\/www.interaccionnoticias.com.mx\/index.php?rest_route=\/wp\/v2\/media\/41216"}],"wp:attachment":[{"href":"https:\/\/www.interaccionnoticias.com.mx\/index.php?rest_route=%2Fwp%2Fv2%2Fmedia&parent=41215"}],"wp:term":[{"taxonomy":"category","embeddable":true,"href":"https:\/\/www.interaccionnoticias.com.mx\/index.php?rest_route=%2Fwp%2Fv2%2Fcategories&post=41215"},{"taxonomy":"post_tag","embeddable":true,"href":"https:\/\/www.interaccionnoticias.com.mx\/index.php?rest_route=%2Fwp%2Fv2%2Ftags&post=41215"}],"curies":[{"name":"wp","href":"https:\/\/api.w.org\/{rel}","templated":true}]}}