{"id":41212,"date":"2022-02-06T21:19:09","date_gmt":"2022-02-07T03:19:09","guid":{"rendered":"https:\/\/interaccionnoticias.com.mx\/?p=41212"},"modified":"2022-02-06T21:19:14","modified_gmt":"2022-02-07T03:19:14","slug":"politicamente-incorrecto","status":"publish","type":"post","link":"https:\/\/www.interaccionnoticias.com.mx\/?p=41212","title":{"rendered":"Pol\u00edticamente Incorrecto"},"content":{"rendered":"\n<p><strong><em>De tomas de casetas y rebalones<\/em><\/strong><\/p>\n\n\n\n<p><strong>Roberto Camps<\/strong><\/p>\n\n\n\n<p>Mucha pol\u00e9mica ha generado el reciente enfrentamiento en la caseta de Palo Planco, una vez m\u00e1s por los estudiantes de la Escuela Normal Rural de Ayotzinapa.<\/p>\n\n\n\n<p>Las declaraciones de la presidenta municipal de Acapulco, Abelina Rodr\u00edguez la han colocado nuevamente en la mira de los medios nacionales, y recibe el escarnio en las redes sociales donde es tendencia, pero por su inmensa torpeza.<\/p>\n\n\n\n<p>Si la se\u00f1ora construy\u00f3 alg\u00fan prestigio y aceptaci\u00f3n como lideresa y gestora en varios a\u00f1os, en pocos meses ha demostrado que est\u00e1 muy por debajo de la expectativa al mal gobernar un municipio tan importante como Acapulco.<\/p>\n\n\n\n<p>Y s\u00ed, cuesta tiempo y trabajo construir una imagen. Destruirla es m\u00e1s f\u00e1cil, ella es el ejemplo.<\/p>\n\n\n\n<p>La presidenta municipal nos ha avergonzado, con sus pleitos con los periodistas, su \u201cexplicaci\u00f3n\u201d de las causas de la violencia, y hace poco la inconsistente (por falsa) defensa de los estudiantes normalistas y la tesis que present\u00f3 para exculparlos del cami\u00f3n que soltaron para atropellar a los elementos de la Guardia Nacional y polic\u00eda estatal.<\/p>\n\n\n\n<p>En nada abonan a consolidar el Estado de Derecho que plantea la gobernadora Evelyn Salgado, es m\u00e1s, van en sentido contrario de lo que se debe hacer para procurar justicia.<\/p>\n\n\n\n<p>Dijo la alcaldesa que no hay que investigar pues el trailer \u00abiba solo\u00bb.<\/p>\n\n\n\n<p>Por supuesto que al trailer no se le puede investigar porque no es un ente humano, sino a quien o a quienes pusieron en punto muerto dicho transporte.<\/p>\n\n\n\n<p>\u00bfSe imagina usted de qu\u00e9 tama\u00f1o pudo ser la tragedia si el veh\u00edculo hubiera topado con alg\u00fan objeto y desviado de manera intempestiva su trayectoria?<\/p>\n\n\n\n<p>Si \u00e9ste hubiera llegado hasta las peque\u00f1as loncher\u00edas que estuvieron a unos metros de que los alcanzara la embestida de este trailer, cu\u00e1ntos muertos y heridos hoy estar\u00edamos lamentando?<\/p>\n\n\n\n<p>Y dice que as\u00ed somos lo guerrerenses (quiz\u00e1 lo dijo de esa manera porque ella es oaxaque\u00f1a ). Una vez m\u00e1s se equivoca porque la gran mayor\u00eda de los guerrerenses anhelan la paz.<\/p>\n\n\n\n<p>Algo bueno puede hacer la alcaldesa: contratar a un despacho de comunicaci\u00f3n pol\u00edtica que le dicte lo debe decir en sus apariciones p\u00fablicas, para que represente con dignidad al municipio que gobierna. Y que ya no improvise ante los micr\u00f3fonos y c\u00e1maras de televisi\u00f3n, para que ya no averg\u00fcence al part\u00eddo pol\u00edtico que abandera, y a los acapulque\u00f1os.<\/p>\n\n\n\n<p>El ex gobernador Rogelio Ortega dijo que hay que ponerle especial cuidado a los normalistas para tenerlos en paz, \u00bfsabr\u00e1 que la escuela de Ayotzinapa recibe un buen subsidio econ\u00f3mico?<\/p>\n\n\n\n<p>Tambi\u00e9n hay diputados locales que se solidarizaron con los normalistas de manera convenenciera, y est\u00e1n en su derecho de hacerlo, pero con ello alientan la irracionalidad y la violencia, y se ponen a favor de la impunidad y el caos.<\/p>\n\n\n\n<p>Y el organismo que m\u00e1s resbalones ha sufrido ante la recuperaci\u00f3n de las casetas por parte de los cuerpos de seguridad, ha sido la CNDH, y con ello les ha dado motivos para defender su libertad de expresi\u00f3n y de movilizaci\u00f3n, que nadie discute. \u00bfY los excesos en que incurren?, \u00bfy los derechos de terceros?, \u00bfy las leyes?, \u00bfy los ciudadanos que son afectados?<\/p>\n\n\n\n<p>Cuando se impulsan cambios, a\u00fan cuando \u00e9stos sean para mejorar, siempre habr\u00e1 alguien que no est\u00e9 de acuerdo. Habr\u00e1 que analizar las razones que tengan para ello.<\/p>\n\n\n\n<p>Y por \u00faltimo, vale la pena preguntar: \u00bfqu\u00e9 sigue?<\/p>\n","protected":false},"excerpt":{"rendered":"<p>De tomas de casetas y rebalones Roberto Camps Mucha pol\u00e9mica ha generado el reciente enfrentamiento en la caseta de Palo Planco, una vez m\u00e1s por los estudiantes de la Escuela&hellip; <\/p>\n","protected":false},"author":26,"featured_media":41213,"comment_status":"open","ping_status":"open","sticky":false,"template":"","format":"standard","meta":{"fifu_image_url":"","fifu_image_alt":"","footnotes":""},"categories":[16],"tags":[],"class_list":["post-41212","post","type-post","status-publish","format-standard","has-post-thumbnail","hentry","category-opinion"],"_links":{"self":[{"href":"https:\/\/www.interaccionnoticias.com.mx\/index.php?rest_route=\/wp\/v2\/posts\/41212","targetHints":{"allow":["GET"]}}],"collection":[{"href":"https:\/\/www.interaccionnoticias.com.mx\/index.php?rest_route=\/wp\/v2\/posts"}],"about":[{"href":"https:\/\/www.interaccionnoticias.com.mx\/index.php?rest_route=\/wp\/v2\/types\/post"}],"author":[{"embeddable":true,"href":"https:\/\/www.interaccionnoticias.com.mx\/index.php?rest_route=\/wp\/v2\/users\/26"}],"replies":[{"embeddable":true,"href":"https:\/\/www.interaccionnoticias.com.mx\/index.php?rest_route=%2Fwp%2Fv2%2Fcomments&post=41212"}],"version-history":[{"count":1,"href":"https:\/\/www.interaccionnoticias.com.mx\/index.php?rest_route=\/wp\/v2\/posts\/41212\/revisions"}],"predecessor-version":[{"id":41214,"href":"https:\/\/www.interaccionnoticias.com.mx\/index.php?rest_route=\/wp\/v2\/posts\/41212\/revisions\/41214"}],"wp:featuredmedia":[{"embeddable":true,"href":"https:\/\/www.interaccionnoticias.com.mx\/index.php?rest_route=\/wp\/v2\/media\/41213"}],"wp:attachment":[{"href":"https:\/\/www.interaccionnoticias.com.mx\/index.php?rest_route=%2Fwp%2Fv2%2Fmedia&parent=41212"}],"wp:term":[{"taxonomy":"category","embeddable":true,"href":"https:\/\/www.interaccionnoticias.com.mx\/index.php?rest_route=%2Fwp%2Fv2%2Fcategories&post=41212"},{"taxonomy":"post_tag","embeddable":true,"href":"https:\/\/www.interaccionnoticias.com.mx\/index.php?rest_route=%2Fwp%2Fv2%2Ftags&post=41212"}],"curies":[{"name":"wp","href":"https:\/\/api.w.org\/{rel}","templated":true}]}}