{"id":41209,"date":"2022-02-06T21:07:19","date_gmt":"2022-02-07T03:07:19","guid":{"rendered":"https:\/\/interaccionnoticias.com.mx\/?p=41209"},"modified":"2022-02-06T21:07:24","modified_gmt":"2022-02-07T03:07:24","slug":"prd-no-hay-ilegalidad-en-las-decisiones-de-la-encargada-de-la-ase","status":"publish","type":"post","link":"https:\/\/www.interaccionnoticias.com.mx\/?p=41209","title":{"rendered":"PRD: No hay ilegalidad en las decisiones de la encargada de la ASE"},"content":{"rendered":"\n<p><strong><em>&#8211; Puede seguir en el cargo, como encargada por d\u00edas, meses y hasta a\u00f1os, seg\u00fan Raymundo Garc\u00eda Guti\u00e9rrez<\/em><\/strong><\/p>\n\n\n\n<p><strong>Rogelio Agust\u00edn<\/strong><\/p>\n\n\n\n<p>El coordinador de la fracci\u00f3n parlamentaria del PRD en el Congreso local, Raymundo Garc\u00eda Guti\u00e9rrez sostuvo que no existe ninguna ilegalidad en los nombramientos emitidos por la encargada de despacho de la Auditor\u00eda Superior del Estado (ASE), de tal manera que mientras no exista un acuerdo, Natividad P\u00e9rez Guinto puede permanecer en dicho cargo durante d\u00edas, meses o hasta a\u00f1os.<\/p>\n\n\n\n<p>Garc\u00eda Guti\u00e9rrez coment\u00f3 que pese a los se\u00f1alamientos que ha planteado la fracci\u00f3n parlamentaria del PRI, respecto a situaciones que vulneran la ley, en realidad, lo que ha hecho la encargada de despacho es \u201cdarle seguimiento a los temas \u201cde acuerdo con lo que tiene a la mano\u201d.<\/p>\n\n\n\n<p>Indic\u00f3 que en los \u00faltimos meses, estuvieron renunciando os dem\u00e1s auditores especiales, lo que motiv\u00f3 el corrimiento del personal en orden de prelaci\u00f3n.<\/p>\n\n\n\n<p>\u201cSiempre, al renunciar alguien sube el que el sigue en el nivel jer\u00e1rquico, la \u00fanica auditora que quedaba para que pudiera asumir el cargo de encargada era la contadora Natividad P\u00e9rez, ella no hizo m\u00e1s que actuar conforme a lo que le permite la ley\u201d, asever\u00f3.<\/p>\n\n\n\n<p>Por esa raz\u00f3n, indic\u00f3 que la impugnaci\u00f3n que existe a partir del nombramiento de tres auditores especiales y dos directores de \u00e1rea, la encargada de despacho est\u00e1 en el \u00e1mbito de sus facultades.<\/p>\n\n\n\n<p>Respecto a la ausencia de un titular en el \u00f3rgano auxiliar del Congreso, record\u00f3 que no se pudo designar a un titular, porque en la sesi\u00f3n en que el tema se puso a consideraci\u00f3n, las partes que presentaron propuesta \u201cno ten\u00edan los n\u00fameros suficientes\u201d.<\/p>\n\n\n\n<p>\u201cLos que sumamos para que saliera la propuesta, los dem\u00e1s compa\u00f1eros tra\u00edan propuesta, pensaron que con 5, con 6 votos, con 11 o con 18 que al final tuvieron, creyeron que con eso iba a salir, pero ya vieron que no, ahora andan urgidos\u201d, anot\u00f3.<\/p>\n\n\n\n<p>Insisti\u00f3 en que las acciones de la encargada de despacho se encuentran justificadas: \u201cAl asumir el cargo, ella no pod\u00eda trabajar sin gente que fuera responsable de cada \u00e1rea, por eso, en su momento cerramos filas el PRD, Morena, PAN y PT, pero no hubo voto uniforme, hab\u00eda intereses de muchos que pertenecen a una comisi\u00f3n y creen que eso les faculta y les da derecho para hacer propuestas\u201d.<\/p>\n\n\n\n<p>Indic\u00f3 adem\u00e1s, que Morena vot\u00f3 dividida y por esa raz\u00f3n, no se alcanzaron las dos terceras partes, en la sesi\u00f3n en que el asunto fue turnado al Pleno.<\/p>\n\n\n\n<p>Y sostuvo: \u201cNo hay plazo. No hay ning\u00fan plazo que establezca que deba salir en una determinada fecha, la encargada puede durar unos d\u00edas, meses, inclusive a\u00f1os\u201d.<\/p>\n","protected":false},"excerpt":{"rendered":"<p>&#8211; Puede seguir en el cargo, como encargada por d\u00edas, meses y hasta a\u00f1os, seg\u00fan Raymundo Garc\u00eda Guti\u00e9rrez Rogelio Agust\u00edn El coordinador de la fracci\u00f3n parlamentaria del PRD en el&hellip; <\/p>\n","protected":false},"author":21,"featured_media":41210,"comment_status":"open","ping_status":"open","sticky":false,"template":"","format":"standard","meta":{"fifu_image_url":"","fifu_image_alt":"","footnotes":""},"categories":[2],"tags":[],"class_list":["post-41209","post","type-post","status-publish","format-standard","has-post-thumbnail","hentry","category-congreso"],"_links":{"self":[{"href":"https:\/\/www.interaccionnoticias.com.mx\/index.php?rest_route=\/wp\/v2\/posts\/41209","targetHints":{"allow":["GET"]}}],"collection":[{"href":"https:\/\/www.interaccionnoticias.com.mx\/index.php?rest_route=\/wp\/v2\/posts"}],"about":[{"href":"https:\/\/www.interaccionnoticias.com.mx\/index.php?rest_route=\/wp\/v2\/types\/post"}],"author":[{"embeddable":true,"href":"https:\/\/www.interaccionnoticias.com.mx\/index.php?rest_route=\/wp\/v2\/users\/21"}],"replies":[{"embeddable":true,"href":"https:\/\/www.interaccionnoticias.com.mx\/index.php?rest_route=%2Fwp%2Fv2%2Fcomments&post=41209"}],"version-history":[{"count":1,"href":"https:\/\/www.interaccionnoticias.com.mx\/index.php?rest_route=\/wp\/v2\/posts\/41209\/revisions"}],"predecessor-version":[{"id":41211,"href":"https:\/\/www.interaccionnoticias.com.mx\/index.php?rest_route=\/wp\/v2\/posts\/41209\/revisions\/41211"}],"wp:featuredmedia":[{"embeddable":true,"href":"https:\/\/www.interaccionnoticias.com.mx\/index.php?rest_route=\/wp\/v2\/media\/41210"}],"wp:attachment":[{"href":"https:\/\/www.interaccionnoticias.com.mx\/index.php?rest_route=%2Fwp%2Fv2%2Fmedia&parent=41209"}],"wp:term":[{"taxonomy":"category","embeddable":true,"href":"https:\/\/www.interaccionnoticias.com.mx\/index.php?rest_route=%2Fwp%2Fv2%2Fcategories&post=41209"},{"taxonomy":"post_tag","embeddable":true,"href":"https:\/\/www.interaccionnoticias.com.mx\/index.php?rest_route=%2Fwp%2Fv2%2Ftags&post=41209"}],"curies":[{"name":"wp","href":"https:\/\/api.w.org\/{rel}","templated":true}]}}