{"id":41207,"date":"2022-02-06T21:01:21","date_gmt":"2022-02-07T03:01:21","guid":{"rendered":"https:\/\/interaccionnoticias.com.mx\/?p=41207"},"modified":"2022-02-06T21:01:26","modified_gmt":"2022-02-07T03:01:26","slug":"ayotzinapa-entre-el-estado-de-derecho-y-la-insurgencia","status":"publish","type":"post","link":"https:\/\/www.interaccionnoticias.com.mx\/?p=41207","title":{"rendered":"Ayotzinapa entre el Estado de Derecho y la Insurgencia"},"content":{"rendered":"\n<p><strong>Tinta Jur\u00eddica Por Dr. Trinidad Zamacona L\u00f3pez.<\/strong><\/p>\n\n\n\n<p>Nunca estar\u00e9 de acuerdo en que se cierre la Escuela Normal Rural \u201cRa\u00fal Isidro Burgos\u201d ning\u00fan Profesor sobra en este Pa\u00eds, porque hacen falta en las escuelas de Guerrero, en donde su sistema educativo es deficiente. Siempre habr\u00e1 una y mil formas de dialogar para que se cambie el modelo educativo de la escuela, pero el cierre ser\u00e1 y debe de ser la \u00faltima decisi\u00f3n del Gobierno; antes el dialogo, los acuerdos y el respeto hacia el pueblo.<\/p>\n\n\n\n<p>Si alguien ser\u00e1 responsable en caso de que se cierre la escuela Normal Rural \u201cRa\u00fal Isidro Burgos\u201d, ser\u00e1n ellos y nadie m\u00e1s.<\/p>\n\n\n\n<p>\u201cNo puedes exigir un derecho violando el derecho de los dem\u00e1s, aunque el reclamo sea leg\u00edtimo\u201d, seg\u00fan el Profesor de la Facultad de Derecho y penalista el Dr. Isa\u00edas S\u00e1nchez N\u00e1jera, aunque ese reclamo sea para pedir Justicia. No comparto los actos de violencia que se generan en forma de protesta, que se convierten en robo, homicidios, lesiones, y coartar la garant\u00eda del libre tr\u00e1nsito para exigir justicia.<\/p>\n\n\n\n<p>En M\u00e9xico existen 245 Escuelas Normales P\u00fablicas en las 32 entidades de nuestro pa\u00eds, de estas solo 17 son Escuelas Normales Rurales, entre ellas est\u00e1 la Normal Rural \u201cRa\u00fal Isidro Burgos Alan\u00eds\u201d, esto de acuerdo con el Consejo Nacional de Evaluaci\u00f3n de la Pol\u00edtica de Desarrollo Social (Coneval).<\/p>\n\n\n\n<p>Las normales rurales tienen en su programa de estudios, la ense\u00f1anza de Marxista-Leninista, de ah\u00ed que son mal interpretadas estas dos teor\u00edas en todo el pa\u00eds, luchar contra el opresor o la clase dominante, luchar por la ca\u00edda de gobiernos e imponer el suyo; en la Escuela Normal Rural de Ayotzinapa, fundada el 2 de marzo de 1926, tiene en su historia de que estuvieron en sus aulas Lucio Caba\u00f1as Barrientos, Genero V\u00e1zquez Rojas y Oth\u00f3n Salazar, por eso su lucha, seg\u00fan revolucionaria, quieren emular a sus antecesores.<\/p>\n\n\n\n<p>Pero vayamos a los inicios de su fundaci\u00f3n, el 2 de setiembre de 1930, el Profesor y Poeta Ra\u00fal Isidro Burgos Alan\u00eds, segundo director de dicha instituci\u00f3n educativa, despu\u00e9s de Rodolfo A. Bonilla, que fue quien consigui\u00f3 que la junta de beneficencia les donara siete hect\u00e1reas de terreno en lo que fue una hacienda ca\u00f1era de Ayotzinapa.<\/p>\n\n\n\n<p>El Profesor Ra\u00fal Isidro Burgos, al ver dicha situaci\u00f3n de que solo era la tierra donada pero no as\u00ed los recursos para construir la normal, pide un pr\u00e9stamo personal a la Direcci\u00f3n de Pensiones Civiles de Retiro, y ese dinero lo don\u00f3 en su totalidad para la construcci\u00f3n que \u00e9l mismo edifico junto a los maestros y alumnos, tambi\u00e9n ellos donaron su salario para construir la tan ansiada escuela.<\/p>\n\n\n\n<p>Y as\u00ed el 14 de marzo de 1932, Burgos Alan\u00eds, organiz\u00f3 el traslado de la instituci\u00f3n educativa y entre los maestros, campesinos, alumnos y el pueblo, colocaron cada una de las piedras de lo que hoy es la Escuela Normal Rural que lleva su nombre \u201cRa\u00fal Isidro Burgos\u201d.<\/p>\n\n\n\n<p>En todo el pa\u00eds esas Escuelas Normales Rurales, nacieron con el \u00fanico objetivo de brindar la oportunidad de que los hijos de los pobres o campesinos estudiaran para Profesores y regresaran a sus comunidades para arraigarlos y educar a los dem\u00e1s pobres, y as\u00ed reducir la brecha de la desigualdad, lo que no se ha logrado, arraigar a los Profesores en sus lugares de or\u00edgenes, pues siempre quieren plazas en las zonas urbanas.<\/p>\n\n\n\n<p>En ese sentido Guerrero es el tercer Estado menos desarrollado y uno de los tres estados con diversos rezagos en materia educativa junto a Oaxaca y Chiapas. De acuerdo al Instituto Nacional de Estad\u00edstica Geograf\u00eda e Inform\u00e1tica, (INEGI) en Guerrero el grado promedio de escolaridad de la poblaci\u00f3n de 15 a\u00f1os y m\u00e1s de edad es de tan solo el 8.4 lo que equivale a poco m\u00e1s del segundo a\u00f1o de secundaria.<\/p>\n\n\n\n<p>En Guerrero, seg\u00fan el INEGI, 12 de cada 100 personas de 15 a\u00f1os y m\u00e1s no saben leer ni escribir; el mayor n\u00famero de porcentaje de la poblaci\u00f3n analfabeta en Guerrero se encuentra entre las personas de 75 a\u00f1os y m\u00e1s con el 52.35 de dicha poblaci\u00f3n.<\/p>\n\n\n\n<p>En el 2020, en Guerrero el 94% de las ni\u00f1as y ni\u00f1os de 6 a 14 de edad asisten a la escuela, mientras que a nivel nacional la asistencia es del 94% por lo hace falta mucho por hacer en el sistema educativo estatal.<\/p>\n\n\n\n<p>Lo sucedido el d\u00eda viernes en la caseta de cobros de \u201cPalo Blanco\u201d es un reto para el Estado; la polic\u00eda del Estado, la Guardia Nacional, en un acto de contenci\u00f3n, impidi\u00f3 a los j\u00f3venes de la Escuela Normal Rural de Ayotzinapa \u201cRa\u00fal Isidro Burgos\u201d y a los padres de los 43 estudiantes desaparecidos en Iguala de la Independencia, tomar el control del cobro del peaje a los automovilistas que por esa v\u00eda pasan.<\/p>\n\n\n\n<p>La historia lo sabe Usted mi querido lector, heridos de ambos lados, sin embargo, los comunicados de la dirigencia de la Normal Rural de Ayotzinapa, dista mucho de que se les \u201cquer\u00eda matar\u201d no fue as\u00ed, lo que se observ\u00f3 en las benditas \u201credes sociales\u201d es muy diferente a lo que ellos pretenden hacer ver.<\/p>\n\n\n\n<p>La Gobernadora del Estado Evelyn Salgado Pineda, ha respetado las garant\u00edas de los guerrerenses, la libertad de expresi\u00f3n y de la manifestaci\u00f3n de las ideas, lo ha repetido en reiteradas ocasiones, y en un acto de respeto a los derechos humanos, se pronunci\u00f3 por que su gobierno siempre velar\u00e1 por el dialogo y por el respeto al Estado de Derecho, para los guerrerenses que gobierna, despu\u00e9s de los hechos recibi\u00f3 el respaldo de gran sector de la poblaci\u00f3n en su actuar. Lo que la hace ver como una mandataria que respeta las garant\u00edas que otorga la Constituci\u00f3n Federal, y es por igual, en la aplicaci\u00f3n de la ley, la justicia no debe de haber distingos ni ser selectiva.<\/p>\n\n\n\n<p>Los j\u00f3venes por el contrario fueron criticados fuertemente en las redes sociales, por su actuar, al grado de que salieron a decir de que fueron amenazados de muerte, lo que no les cree la sociedad. No se han dado cuenta de que ya cansaron a la sociedad, y ese movimiento poco a poco se va desgastando, aunque eso a ellos no les interesa, seg\u00fan lo que sali\u00f3 en las redes, al contrario expresan que el gobierno les tiene miedo, por eso sus desmanes y protestas fuera de la ley.<\/p>\n\n\n\n<p>Hay voces y grupos que quieren desestabilizar el gobierno de la 4T en Guerrero, atr\u00e1s de los j\u00f3venes esta la dirigencia de esa escuela, est\u00e1n los grupos subversivos que est\u00e1n en el Estado, est\u00e1 la delincuencia organizada, est\u00e1n los grupos antag\u00f3nicos dentro del mismo partido Morena, medios de comunicaci\u00f3n, comunicadores, todos estos salieron a la luz p\u00fablica a dar su respaldo a dicha acci\u00f3n. Son subversivas todas aquellas personas, ideas, movimientos y grupos que tengan como objetivo derrocar las estructuras de autoridad, lo que no les va a resultar con el Gobierno de Salgado Pineda, ya que cuenta con el respaldo de la sociedad que la eligi\u00f3 como Gobernadora.<\/p>\n\n\n\n<p>El Gobierno del Estado, por primera vez recibe en su actuar, el respaldo de los empresarios, de las organizaciones empresariales, los ciudadanos de a pie, y un nutrido grupo en las redes sociales, manifestaron su respaldo a lo que se realiz\u00f3 por parte de las fuerzas del Estado. Hubo heridos, pero no hubo disparos, las fuerzas del orden actuaron con apego a los protocolos de seguridad, toletes, escudos y gases lacrim\u00f3genos, lo que est\u00e1 permitido en todas partes del mundo para contener, persuadir a multitudes que pretenden romper el orden, se hicieron acompa\u00f1ar de los organismos de los derechos humanos, para que dicho protocolo se cumpliera.<\/p>\n\n\n\n<p>Los j\u00f3venes de la Normal de Ayotzinapa y los padres de los 43, utilizaron, piedras, palos, bombas molotov, lo que constata mucho en que era una manifestaci\u00f3n pac\u00edfica, para repartir volantes, el autob\u00fas que se encontr\u00f3 en ese lugar lo dice todo.<\/p>\n\n\n\n<p>Por si fuera poco, robaron primero un tr\u00e1iler, se lo quitaron por la fuerza al conductor y lo pusieron en neutral, unos de los j\u00f3venes sube a la unidad y hace la manobra de ponerlo en punto muerto como se le conoce; y la pesada unidad enfil\u00f3 primero hacia los polic\u00edas, despu\u00e9s hacia la caseta, para posterior estamparse contra un m\u00f3dulo tur\u00edstico y otros autos que ah\u00ed estaban estacionados. Por fortuna no hubo p\u00e9rdidas humanas, pero s\u00ed da\u00f1os materiales, y el terror en los que estaban trabajando ah\u00ed.<\/p>\n\n\n\n<p>Eso que acaba de leer en materia penal se le llama, \u201cAnimus Necandi\u201d lo que puede definirse como el \u201cdeseo de matar\u201d se trata de la existencia en una persona que con sus actos genera un peligro concreto capaz de causar muerte, y no como dice la Presidenta de Acapulco, Abelina L\u00f3pez Rodr\u00edguez, de que no se puede juzgar a nadie porque el cami\u00f3n iba solo, no es as\u00ed, la persona que lo puso en drive, es la responsable de querer causar la muerte o bien un da\u00f1o, existe una acci\u00f3n premeditada, el tr\u00e1iler fue un medio para cometer el delito, fue el instrumento del delito.<\/p>\n","protected":false},"excerpt":{"rendered":"<p>Tinta Jur\u00eddica Por Dr. Trinidad Zamacona L\u00f3pez. Nunca estar\u00e9 de acuerdo en que se cierre la Escuela Normal Rural \u201cRa\u00fal Isidro Burgos\u201d ning\u00fan Profesor sobra en este Pa\u00eds, porque hacen&hellip; <\/p>\n","protected":false},"author":24,"featured_media":39128,"comment_status":"open","ping_status":"open","sticky":false,"template":"","format":"standard","meta":{"fifu_image_url":"","fifu_image_alt":"","footnotes":""},"categories":[16],"tags":[],"class_list":["post-41207","post","type-post","status-publish","format-standard","has-post-thumbnail","hentry","category-opinion"],"_links":{"self":[{"href":"https:\/\/www.interaccionnoticias.com.mx\/index.php?rest_route=\/wp\/v2\/posts\/41207","targetHints":{"allow":["GET"]}}],"collection":[{"href":"https:\/\/www.interaccionnoticias.com.mx\/index.php?rest_route=\/wp\/v2\/posts"}],"about":[{"href":"https:\/\/www.interaccionnoticias.com.mx\/index.php?rest_route=\/wp\/v2\/types\/post"}],"author":[{"embeddable":true,"href":"https:\/\/www.interaccionnoticias.com.mx\/index.php?rest_route=\/wp\/v2\/users\/24"}],"replies":[{"embeddable":true,"href":"https:\/\/www.interaccionnoticias.com.mx\/index.php?rest_route=%2Fwp%2Fv2%2Fcomments&post=41207"}],"version-history":[{"count":1,"href":"https:\/\/www.interaccionnoticias.com.mx\/index.php?rest_route=\/wp\/v2\/posts\/41207\/revisions"}],"predecessor-version":[{"id":41208,"href":"https:\/\/www.interaccionnoticias.com.mx\/index.php?rest_route=\/wp\/v2\/posts\/41207\/revisions\/41208"}],"wp:featuredmedia":[{"embeddable":true,"href":"https:\/\/www.interaccionnoticias.com.mx\/index.php?rest_route=\/wp\/v2\/media\/39128"}],"wp:attachment":[{"href":"https:\/\/www.interaccionnoticias.com.mx\/index.php?rest_route=%2Fwp%2Fv2%2Fmedia&parent=41207"}],"wp:term":[{"taxonomy":"category","embeddable":true,"href":"https:\/\/www.interaccionnoticias.com.mx\/index.php?rest_route=%2Fwp%2Fv2%2Fcategories&post=41207"},{"taxonomy":"post_tag","embeddable":true,"href":"https:\/\/www.interaccionnoticias.com.mx\/index.php?rest_route=%2Fwp%2Fv2%2Ftags&post=41207"}],"curies":[{"name":"wp","href":"https:\/\/api.w.org\/{rel}","templated":true}]}}