{"id":41202,"date":"2022-02-06T17:56:04","date_gmt":"2022-02-06T23:56:04","guid":{"rendered":"https:\/\/interaccionnoticias.com.mx\/?p=41202"},"modified":"2022-02-06T17:56:08","modified_gmt":"2022-02-06T23:56:08","slug":"hombres-armados-incendian-dos-camiones-refresqueros-en-iguala","status":"publish","type":"post","link":"https:\/\/www.interaccionnoticias.com.mx\/?p=41202","title":{"rendered":"Hombres armados incendian dos camiones refresqueros en Iguala"},"content":{"rendered":"\n<p><em><strong>&#8211; 24 horas despues, las autoridades no emiten pronunciamiento<\/strong><\/em><\/p>\n\n\n\n<p><strong>Rosario Garc\u00eda Orozco<\/strong><\/p>\n\n\n\n<p>Chilpancingo, Gro., 6 de febrero del 2022.-<strong> A 24 horas de que civiles ar<\/strong>mados incendieran dos camiones de la empresa Coca-Cola, en Iguala de la independencia, las autoridades del Estado y la Federaci\u00f3n no se han pronunciado al resopecto.<\/p>\n\n\n\n<p>La tarde-noche del s\u00e1bado 5 de febrero, se supo a trav\u00e9s de diferentes redes sociales que las unidades distribuidoras de refresco fueron localizadas en el perif\u00e9rico Sur de la cuna de la bandera, cerca de la colonia Magisterial.<\/p>\n\n\n\n<p>De acuerdo a los primeros reportes, los responsables fueron personas armadas, a\u00fan no identificadas.<\/p>\n\n\n\n<p>El reporte se recibi\u00f3 al n\u00famero de emergencias 911, lo que motiv\u00f3 el alertamiento de las autoridades sobre el incendio.<\/p>\n\n\n\n<p>Los habitantes de la unidad habitaci\u00f3n llamaron a las corporaciones, pues tem\u00edan que los camiones explotaran y causaran da\u00f1os a quienes viven en esa zona.<\/p>\n\n\n\n<p>Hastas dicho punto llegaron elementos de diversas corporaciones polic\u00edacas, quienes al confirmar el hecho tambi\u00e9n convocaron a personal de Bomberos y Protecci\u00f3n Civil, que sofocaron las llamas.<\/p>\n\n\n\n<p>Elementos de la Fiscal\u00eda General del Estado dieron inicio con las investigaciones.<\/p>\n\n\n\n<p>Iguala est\u00e1 entre las ciudades que rewcibieron el refuerzo de personal de la Secretar\u00eda de la Defensa Nacional (Sedena), Mar\u00edna y Guardia Nacional.<\/p>\n\n\n\n<p>Hasta entrada la jornada del domingo, la Fiscal\u00eda General del Estado (FGE) no informaba si sobre el hecho ya se inici\u00f3 la carpeta de investugaci\u00f3n correspondiente.<\/p>\n","protected":false},"excerpt":{"rendered":"<p>&#8211; 24 horas despues, las autoridades no emiten pronunciamiento Rosario Garc\u00eda Orozco Chilpancingo, Gro., 6 de febrero del 2022.- A 24 horas de que civiles armados incendieran dos camiones de&hellip; <\/p>\n","protected":false},"author":14,"featured_media":41204,"comment_status":"open","ping_status":"open","sticky":false,"template":"","format":"standard","meta":{"fifu_image_url":"","fifu_image_alt":"","footnotes":""},"categories":[27],"tags":[],"class_list":["post-41202","post","type-post","status-publish","format-standard","has-post-thumbnail","hentry","category-seguridad-publica"],"_links":{"self":[{"href":"https:\/\/www.interaccionnoticias.com.mx\/index.php?rest_route=\/wp\/v2\/posts\/41202","targetHints":{"allow":["GET"]}}],"collection":[{"href":"https:\/\/www.interaccionnoticias.com.mx\/index.php?rest_route=\/wp\/v2\/posts"}],"about":[{"href":"https:\/\/www.interaccionnoticias.com.mx\/index.php?rest_route=\/wp\/v2\/types\/post"}],"author":[{"embeddable":true,"href":"https:\/\/www.interaccionnoticias.com.mx\/index.php?rest_route=\/wp\/v2\/users\/14"}],"replies":[{"embeddable":true,"href":"https:\/\/www.interaccionnoticias.com.mx\/index.php?rest_route=%2Fwp%2Fv2%2Fcomments&post=41202"}],"version-history":[{"count":1,"href":"https:\/\/www.interaccionnoticias.com.mx\/index.php?rest_route=\/wp\/v2\/posts\/41202\/revisions"}],"predecessor-version":[{"id":41206,"href":"https:\/\/www.interaccionnoticias.com.mx\/index.php?rest_route=\/wp\/v2\/posts\/41202\/revisions\/41206"}],"wp:featuredmedia":[{"embeddable":true,"href":"https:\/\/www.interaccionnoticias.com.mx\/index.php?rest_route=\/wp\/v2\/media\/41204"}],"wp:attachment":[{"href":"https:\/\/www.interaccionnoticias.com.mx\/index.php?rest_route=%2Fwp%2Fv2%2Fmedia&parent=41202"}],"wp:term":[{"taxonomy":"category","embeddable":true,"href":"https:\/\/www.interaccionnoticias.com.mx\/index.php?rest_route=%2Fwp%2Fv2%2Fcategories&post=41202"},{"taxonomy":"post_tag","embeddable":true,"href":"https:\/\/www.interaccionnoticias.com.mx\/index.php?rest_route=%2Fwp%2Fv2%2Ftags&post=41202"}],"curies":[{"name":"wp","href":"https:\/\/api.w.org\/{rel}","templated":true}]}}