{"id":41199,"date":"2022-02-06T17:10:46","date_gmt":"2022-02-06T23:10:46","guid":{"rendered":"https:\/\/interaccionnoticias.com.mx\/?p=41199"},"modified":"2022-02-06T17:10:51","modified_gmt":"2022-02-06T23:10:51","slug":"guerrero-con-casi-3-mil-casos-de-covid-19-antes-de-regresar-al-semaforo-amarillo","status":"publish","type":"post","link":"https:\/\/www.interaccionnoticias.com.mx\/?p=41199","title":{"rendered":"Guerrero, con casi 3 mil casos de Covid-19 antes de regresar al sem\u00e1foro amarillo"},"content":{"rendered":"\n<p><strong><em>&#8211; Confirman siete muertes durante el fin de semana<\/em><\/strong><\/p>\n\n\n\n<p><strong>Rogelio Agust\u00edn<\/strong><\/p>\n\n\n\n<p>A pocas horas de que Guerrero pase de verde al color amarillo, en el sem\u00e1foro epidemiol\u00f3gico del Covid-19, la Secretar\u00eda de Salud inform\u00f3 que al corte del 05 de febrero, la entidad tiene 2 mil 938 casos activos y se han confirmado y siete defunciones durante las \u00faltimas 24 horas.<\/p>\n\n\n\n<p>En los datos aportados por la dependencia, se anota que en esta entidad se acumulan 92 mil 068 casos confirmados, en tanto que ya son 6 mil 456 defunciones a causa de la pandemia.<\/p>\n\n\n\n<p>Se anota que a nivel nacional existe un registro de 189 mil 939 casos activos, por lo que Guerrero se ubica en la posici\u00f3n n\u00famero 12, con 2,938.<\/p>\n\n\n\n<p>Los 2 mil 938 casos activos se concentran principalmente en los siguientes municipios: Chilpancingo con 760; Acapulco de Ju\u00e1rez con 419; Zihuatanejo de Azueta se anota 315; Tlapa de Comonfort 259; Taxco de Alarc\u00f3n con 196; Ometepec, 151; Chilapa de \u00c1lvarez, 125; Iguala de la Independencia, 111; Tixtla de Guerrero, 76; y Alpoyeca, 35.<\/p>\n\n\n\n<p>En el informe oficial, la Secretar\u00eda de Salud detalla que en las \u00faltimas 24 horas se confirmaron 370 nuevos contagios, 109 de ellos corresponden al 05 de febrero.<\/p>\n\n\n\n<p>En lo que va de febrero de este a\u00f1o, el registro que aporta Guerrero en la estad\u00edstica nacional es de 19 fallecimientos.<\/p>\n\n\n\n<p>A nivel nacional, el porcentaje de ocupaci\u00f3n de camas COVID-19 es del 42%, mientras a nivel estatal es de 28%, se\u00f1ala la Secretar\u00eda de Salud.<\/p>\n\n\n\n<p>La dependencia informa que es necesario continuar las medidas b\u00e1sicas de prevenci\u00f3n, como la sana distancia, lavado frecuente de manos con agua y jab\u00f3n o aplicaci\u00f3n de alcohol en gel, as\u00ed como uso correcto de cubrebocas y ventilaci\u00f3n cruzada en espacios cerrados.<\/p>\n\n\n\n<p>Este lunes 7 de febrero, Guerrero regresar\u00e1 pasar\u00e1 de verde al color amarillo en el sem\u00e1foro epidemiol\u00f3gico de Covid-19, por disposici\u00f3n de las autoridades sanitarias federales.<\/p>\n","protected":false},"excerpt":{"rendered":"<p>&#8211; Confirman siete muertes durante el fin de semana Rogelio Agust\u00edn A pocas horas de que Guerrero pase de verde al color amarillo, en el sem\u00e1foro epidemiol\u00f3gico del Covid-19, la&hellip; <\/p>\n","protected":false},"author":21,"featured_media":41200,"comment_status":"open","ping_status":"open","sticky":false,"template":"","format":"standard","meta":{"fifu_image_url":"","fifu_image_alt":"","footnotes":""},"categories":[3],"tags":[],"class_list":["post-41199","post","type-post","status-publish","format-standard","has-post-thumbnail","hentry","category-covid-19"],"_links":{"self":[{"href":"https:\/\/www.interaccionnoticias.com.mx\/index.php?rest_route=\/wp\/v2\/posts\/41199","targetHints":{"allow":["GET"]}}],"collection":[{"href":"https:\/\/www.interaccionnoticias.com.mx\/index.php?rest_route=\/wp\/v2\/posts"}],"about":[{"href":"https:\/\/www.interaccionnoticias.com.mx\/index.php?rest_route=\/wp\/v2\/types\/post"}],"author":[{"embeddable":true,"href":"https:\/\/www.interaccionnoticias.com.mx\/index.php?rest_route=\/wp\/v2\/users\/21"}],"replies":[{"embeddable":true,"href":"https:\/\/www.interaccionnoticias.com.mx\/index.php?rest_route=%2Fwp%2Fv2%2Fcomments&post=41199"}],"version-history":[{"count":1,"href":"https:\/\/www.interaccionnoticias.com.mx\/index.php?rest_route=\/wp\/v2\/posts\/41199\/revisions"}],"predecessor-version":[{"id":41201,"href":"https:\/\/www.interaccionnoticias.com.mx\/index.php?rest_route=\/wp\/v2\/posts\/41199\/revisions\/41201"}],"wp:featuredmedia":[{"embeddable":true,"href":"https:\/\/www.interaccionnoticias.com.mx\/index.php?rest_route=\/wp\/v2\/media\/41200"}],"wp:attachment":[{"href":"https:\/\/www.interaccionnoticias.com.mx\/index.php?rest_route=%2Fwp%2Fv2%2Fmedia&parent=41199"}],"wp:term":[{"taxonomy":"category","embeddable":true,"href":"https:\/\/www.interaccionnoticias.com.mx\/index.php?rest_route=%2Fwp%2Fv2%2Fcategories&post=41199"},{"taxonomy":"post_tag","embeddable":true,"href":"https:\/\/www.interaccionnoticias.com.mx\/index.php?rest_route=%2Fwp%2Fv2%2Ftags&post=41199"}],"curies":[{"name":"wp","href":"https:\/\/api.w.org\/{rel}","templated":true}]}}