{"id":41195,"date":"2022-02-06T11:18:06","date_gmt":"2022-02-06T17:18:06","guid":{"rendered":"https:\/\/interaccionnoticias.com.mx\/?p=41195"},"modified":"2022-02-06T11:18:10","modified_gmt":"2022-02-06T17:18:10","slug":"minimas-cancelaciones-en-hoteles-de-acapulco-dice-aheta","status":"publish","type":"post","link":"https:\/\/www.interaccionnoticias.com.mx\/?p=41195","title":{"rendered":"M\u00ednimas cancelaciones en hoteles de Acapulco, dice AHETA"},"content":{"rendered":"\n<p><strong><em>&#8212; No impacto, en las reservaciones que estar\u00e1n por el 65 por ciento<br>&#8212; Imagen terrible, pero a favor del operativo en casetas<\/em><\/strong><\/p>\n\n\n\n<p><strong>Javier Trujillo<\/strong><\/p>\n\n\n\n<p><strong>Acapulco, Gro. \u2013 <\/strong>Tras los hechos de violencia en la Autopista del Sol, el presidente de la Asociaci\u00f3n de Hoteles y Empresas Tur\u00edsticas de Acapulco, Alejandro Dom\u00ednguez admiti\u00f3 que hubo algunas cancelaciones de turistas que planearon pasar el fin de semana en el puerto.<\/p>\n\n\n\n<p>Este s\u00e1bado se amaneci\u00f3 con un 50 por ciento de ocupaci\u00f3n hotelera, y se espera que, en el fin de semana largo, las expectativas lleguen hasta el 65 por ciento o hasta el 70 por ciento de ocupaci\u00f3n permitido.<\/p>\n\n\n\n<p>Coment\u00f3 que debido al bloqueo que se tuvo en la Autopista del Sol que paraliz\u00f3 por m\u00e1s de tres horas la circulaci\u00f3n, se detuvo la llegada de turistas a los hoteles, aunque despu\u00e9s se resolvi\u00f3 el problema.<\/p>\n\n\n\n<p>\u201cSi hubo algunas cancelaciones, pero fueron menores y algunos que no llegaron a sus habitaciones. Pero no fue gravoso, te puedo decir que en promedio unas siete habitaciones por hotel.<\/p>\n\n\n\n<p>\u201cLo que se esperaba, tras la situaci\u00f3n tan fuerte que se present\u00f3 en la Autopista del Sol, la verdad, no fue tan impactante. Es gravoso, para los turistas que ven\u00edan para Acapulco, pues fue una imagen terrible\u201d, dijo.<\/p>\n\n\n\n<p>Con relaci\u00f3n al operativo desplegado por las autoridades de las fuerzas federales de la Guardia Nacional, lo reconoci\u00f3 como un esfuerzo importante de los gobiernos estatal y federal, en contra de pseudo normalistas.<\/p>\n\n\n\n<p>\u201cSe logr\u00f3 de manera anticipada, evitar que entren los estudiantes, y despu\u00e9s llegan las autoridades.<\/p>\n\n\n\n<p>\u201cPor supuesto que nosotros estamos a favor de la Guardia Nacional y aplaudimos la labor que hicieron desde hace algunos d\u00edas\u201d, se\u00f1al\u00f3 el presidente de AHETA, Dom\u00ednguez Aveleyra.<\/p>\n\n\n\n<p>Del sem\u00e1foro epidemiol\u00f3gico en amarillo, representar\u00e1 un \u201cfreno\u201d, a pesar que de manera importante han reducido los contagios.<\/p>\n\n\n\n<p>Insisti\u00f3 en que reducir los aforos a las hospeder\u00edas, estar\u00eda afectando a los colaboradores y como consecuencia sus empleos, dijo el representante de los hoteleros en el puerto de Acapulco.<\/p>\n","protected":false},"excerpt":{"rendered":"<p>&#8212; No impacto, en las reservaciones que estar\u00e1n por el 65 por ciento&#8212; Imagen terrible, pero a favor del operativo en casetas Javier Trujillo Acapulco, Gro. \u2013 Tras los hechos&hellip; <\/p>\n","protected":false},"author":3,"featured_media":41193,"comment_status":"open","ping_status":"open","sticky":false,"template":"","format":"standard","meta":{"fifu_image_url":"","fifu_image_alt":"","footnotes":""},"categories":[23],"tags":[],"class_list":["post-41195","post","type-post","status-publish","format-standard","has-post-thumbnail","hentry","category-regionales"],"_links":{"self":[{"href":"https:\/\/www.interaccionnoticias.com.mx\/index.php?rest_route=\/wp\/v2\/posts\/41195","targetHints":{"allow":["GET"]}}],"collection":[{"href":"https:\/\/www.interaccionnoticias.com.mx\/index.php?rest_route=\/wp\/v2\/posts"}],"about":[{"href":"https:\/\/www.interaccionnoticias.com.mx\/index.php?rest_route=\/wp\/v2\/types\/post"}],"author":[{"embeddable":true,"href":"https:\/\/www.interaccionnoticias.com.mx\/index.php?rest_route=\/wp\/v2\/users\/3"}],"replies":[{"embeddable":true,"href":"https:\/\/www.interaccionnoticias.com.mx\/index.php?rest_route=%2Fwp%2Fv2%2Fcomments&post=41195"}],"version-history":[{"count":1,"href":"https:\/\/www.interaccionnoticias.com.mx\/index.php?rest_route=\/wp\/v2\/posts\/41195\/revisions"}],"predecessor-version":[{"id":41197,"href":"https:\/\/www.interaccionnoticias.com.mx\/index.php?rest_route=\/wp\/v2\/posts\/41195\/revisions\/41197"}],"wp:featuredmedia":[{"embeddable":true,"href":"https:\/\/www.interaccionnoticias.com.mx\/index.php?rest_route=\/wp\/v2\/media\/41193"}],"wp:attachment":[{"href":"https:\/\/www.interaccionnoticias.com.mx\/index.php?rest_route=%2Fwp%2Fv2%2Fmedia&parent=41195"}],"wp:term":[{"taxonomy":"category","embeddable":true,"href":"https:\/\/www.interaccionnoticias.com.mx\/index.php?rest_route=%2Fwp%2Fv2%2Fcategories&post=41195"},{"taxonomy":"post_tag","embeddable":true,"href":"https:\/\/www.interaccionnoticias.com.mx\/index.php?rest_route=%2Fwp%2Fv2%2Ftags&post=41195"}],"curies":[{"name":"wp","href":"https:\/\/api.w.org\/{rel}","templated":true}]}}