{"id":41186,"date":"2022-02-05T16:08:58","date_gmt":"2022-02-05T22:08:58","guid":{"rendered":"https:\/\/interaccionnoticias.com.mx\/?p=41186"},"modified":"2022-02-05T16:09:03","modified_gmt":"2022-02-05T22:09:03","slug":"nos-dijeron-que-nos-iban-a-matar-dicen-normalistas-de-ayoyzinapa-un-dia-despues-de-la-confrontacion","status":"publish","type":"post","link":"https:\/\/www.interaccionnoticias.com.mx\/?p=41186","title":{"rendered":"\u00abNos dijeron que nos iban a matar\u00bb, dicen normalistas de Ayoyzinapa, un d\u00eda despu\u00e9s de la confrontaci\u00f3n"},"content":{"rendered":"\n<p><strong><em>&#8211; Por lo menos a uno le cortaron cartucho en la cabeza<\/em><\/strong><\/p>\n\n\n\n<p><strong>Rogelio Agust\u00edn<\/strong><\/p>\n\n\n\n<p>\u00abNos dijeron que nos iban a matar, a un compa\u00f1ero le cortaron cartucho en la cabeza\u00bb, dijeron estudiantes de la Normal Rural de Ayotzinapa, 24 horas despu\u00e9s del enfrentamiento en la caseta de Palo Blanco de la Autopista del Sol.<\/p>\n\n\n\n<p>Sobre la marcha, avanzando en el sentido norte-sur de la avenida Benito Ju\u00e1rez, un representante de la sociedad de alumnos Ricardo Flores Mag\u00f3n explic\u00f3 a grandes rasgos, las razones por las que protagonizaron la confrontaci\u00f3n con los elementos de la Guardia Nacional y la Polic\u00eda del Estado.<\/p>\n\n\n\n<p>\u00abNosotros sabemos lo que es el dolor, sabemos lo que es el coraje y no nos estamos quejando, pero s\u00ed es grave lo que le hicieron a nuestros compa\u00f1eros\u00bb, se\u00f1al\u00f3 el orador.<br>Continu\u00f3: \u00abLos polic\u00edas sab\u00edan que ya se hab\u00eda terminado de entregar los bolantes y que nos \u00edbamos a retirar\u00bb, apunt\u00f3.<\/p>\n\n\n\n<p>Luego vino la denuncia: \u00abA un compa\u00f1ero, al momento que nos estaban agrediendo un polic\u00eda le corto cartucho en la cabeza, diciendo que lo iban a matar\u00bb.<br>Indic\u00f3: \u00abNosotros no le tenemos miedo a esos polic\u00edas que deber\u00edan de estar cuidando al pueblo, no le tenemos miedo a esos polic\u00edas que est\u00e1n ah\u00ed cuidando las casetas de altos funcionarios que se hacen ricas con el dinero del pais\u00bb, aseguraron.<\/p>\n\n\n\n<p>La jornada del viernes 4 de febrero, a los pocos minutos de ocurrida la confrontaci\u00f3n, el titular de la Secretar\u00eda de Seguridad P\u00fablica (SSP), Evelio M\u00e9ndez G\u00f3mez sostuvo que ning\u00fan elemento de los que participaron en el resguardo de la caseta portaba armas de fuego.<\/p>\n\n\n\n<p>En la mayor\u00eda de las im\u00e1genes que se han difundido sobre los hechos, polic\u00edas del Estado y Guardia Nacional aparecen con escudo de pl\u00e1stico, toletes y escopetines para disparar gases lacrim\u00f3genos.<\/p>\n","protected":false},"excerpt":{"rendered":"<p>&#8211; Por lo menos a uno le cortaron cartucho en la cabeza Rogelio Agust\u00edn \u00abNos dijeron que nos iban a matar, a un compa\u00f1ero le cortaron cartucho en la cabeza\u00bb,&hellip; <\/p>\n","protected":false},"author":21,"featured_media":41187,"comment_status":"open","ping_status":"open","sticky":false,"template":"","format":"standard","meta":{"fifu_image_url":"","fifu_image_alt":"","footnotes":""},"categories":[15],"tags":[],"class_list":["post-41186","post","type-post","status-publish","format-standard","has-post-thumbnail","hentry","category-movimientos-sociales"],"_links":{"self":[{"href":"https:\/\/www.interaccionnoticias.com.mx\/index.php?rest_route=\/wp\/v2\/posts\/41186","targetHints":{"allow":["GET"]}}],"collection":[{"href":"https:\/\/www.interaccionnoticias.com.mx\/index.php?rest_route=\/wp\/v2\/posts"}],"about":[{"href":"https:\/\/www.interaccionnoticias.com.mx\/index.php?rest_route=\/wp\/v2\/types\/post"}],"author":[{"embeddable":true,"href":"https:\/\/www.interaccionnoticias.com.mx\/index.php?rest_route=\/wp\/v2\/users\/21"}],"replies":[{"embeddable":true,"href":"https:\/\/www.interaccionnoticias.com.mx\/index.php?rest_route=%2Fwp%2Fv2%2Fcomments&post=41186"}],"version-history":[{"count":1,"href":"https:\/\/www.interaccionnoticias.com.mx\/index.php?rest_route=\/wp\/v2\/posts\/41186\/revisions"}],"predecessor-version":[{"id":41188,"href":"https:\/\/www.interaccionnoticias.com.mx\/index.php?rest_route=\/wp\/v2\/posts\/41186\/revisions\/41188"}],"wp:featuredmedia":[{"embeddable":true,"href":"https:\/\/www.interaccionnoticias.com.mx\/index.php?rest_route=\/wp\/v2\/media\/41187"}],"wp:attachment":[{"href":"https:\/\/www.interaccionnoticias.com.mx\/index.php?rest_route=%2Fwp%2Fv2%2Fmedia&parent=41186"}],"wp:term":[{"taxonomy":"category","embeddable":true,"href":"https:\/\/www.interaccionnoticias.com.mx\/index.php?rest_route=%2Fwp%2Fv2%2Fcategories&post=41186"},{"taxonomy":"post_tag","embeddable":true,"href":"https:\/\/www.interaccionnoticias.com.mx\/index.php?rest_route=%2Fwp%2Fv2%2Ftags&post=41186"}],"curies":[{"name":"wp","href":"https:\/\/api.w.org\/{rel}","templated":true}]}}