{"id":41160,"date":"2022-02-05T08:54:40","date_gmt":"2022-02-05T14:54:40","guid":{"rendered":"https:\/\/interaccionnoticias.com.mx\/?p=41160"},"modified":"2022-02-05T08:54:45","modified_gmt":"2022-02-05T14:54:45","slug":"la-gobernadora-de-guerrero-ratifica-su-politica-de-no-represion","status":"publish","type":"post","link":"https:\/\/www.interaccionnoticias.com.mx\/?p=41160","title":{"rendered":"La gobernadora de Guerrero ratifica su pol\u00edtica de no represi\u00f3n"},"content":{"rendered":"\n<p><strong><em>&#8211; \u201cEste es un gobierno del pueblo y para el pueblo\u201d, se\u00f1ala Evelyn Salgado Pineda<\/em><\/strong><\/p>\n\n\n\n<p><strong>Rogelio Agust\u00edn<\/strong><\/p>\n\n\n\n<p>La gobernadora Evelyn Salgado Pineda reiter\u00f3 su pol\u00edtica de no represi\u00f3n y se pronunci\u00f3 a favor de buscar la soluci\u00f3n pac\u00edfica de los conflictos, tras el enfrentamiento en la Autopista del Sol que dej\u00f3 el saldo de 22 elementos de Seguridad y dos normalistas rurales lesionados.<\/p>\n\n\n\n<p>A las 23:16 horas, 11 horas despu\u00e9s de que se generara la confrontaci\u00f3n entre normalistas rurales de Ayotzinapa, personal de la Polic\u00eda del Estado y de la Guardia Nacional, la jefa del Poder Ejecutivo local fij\u00f3 postura en torno a los hechos.<\/p>\n\n\n\n<p>\u201cGuerrerenses, nuestro compromiso es el de trabajar todos los d\u00edas para construir juntas y juntos un mejor Guerrero, con bienestar, m\u00e1s oportunidades de desarrollo y en paz para todas y todos\u201d, se\u00f1ala inicialmente.<\/p>\n\n\n\n<p>Luego expresa: \u201cRefrendamos la pol\u00edtica de no represi\u00f3n, puertas abiertas y di\u00e1logo permanente, apostando siempre a la conciliaci\u00f3n, la concordia y la resoluci\u00f3n por la v\u00eda pac\u00edfica de los conflictos\u201d.<\/p>\n\n\n\n<p>Y cierra con una de las frases que han caracterizado a su administraci\u00f3n, que lleva poco m\u00e1s de cien d\u00edas: \u201c Este es un gobierno del pueblo, para el pueblo y con el pueblo\u201d.<\/p>\n\n\n\n<p>Fracci\u00f3n parlamentaria del PRI pide que haya dialogo entre las partes<\/p>\n\n\n\n<p>La fracci\u00f3n parlamentaria del PRI en el Congreso local tambi\u00e9n fij\u00f3 postura sobre el caso, con un pronunciamiento a favor de que se retome la comunicaci\u00f3n entre las partes.<\/p>\n\n\n\n<p>La importancia de retomar el dialogo, es que en lo sucesivo, no se repitan hechos como los del 4 de febrero en la caseta de peaje de Palo Blanco.<\/p>\n\n\n\n<p>\u201cNo abonemos a la polarizaci\u00f3n ni la confrontaci\u00f3n; apostemos a la gobernabilidad, a la b\u00fasqueda de soluciones pac\u00edficas a los conflictos y la armon\u00eda entre las y los guerrerenses\u201d, cierra el texto emitido por la bancada del tricolor.<\/p>\n\n\n\n<p>Diputado de Morena cuestiona a la SSP<\/p>\n\n\n\n<p>\u201cTache para la Polic\u00eda Estatal, ya sea provocaci\u00f3n o error, los compa\u00f1eros normalistas ya se estaban retirando, no hab\u00eda necesidad de revisarles nada\u201d, se\u00f1al\u00f3 en su muro de facebook el diputado local por Morena, Jacinto Gonz\u00e1lez Varona.<\/p>\n\n\n\n<p>Continu\u00f3: \u201cPido al secretario de Seguridad P\u00fablica Estatal, revice el actuar de los elementos de las fuerzas estatales en ese tipo de operativos\u201d.<\/p>\n\n\n\n<p>Manifest\u00f3 su solidaridad con los estudiantes de la Normal Rural Ra\u00fal Isidro Burgos, al tiempo en que se solidariz\u00f3 con las familias de los polic\u00edas y elementos de la Guardia Nacional lesionados.<\/p>\n\n\n\n<p>El empresariado se mueve<\/p>\n\n\n\n<p>El Consejo Coordinador Empresarial (CCE) con sede en Acapulco se pronunci\u00f3 a favor de los cuerpos de seguridad que evitaron la toma de las casetas de la Autopista del Sol, y lamentaron el saldo de personas lesionados tras el enfrentamiento.<\/p>\n\n\n\n<p>\u201cConsideramos que es mediante el dialogo y el consenso que podemos contribuir al desarrollo ecom\u00f3mico y al bienestar social, estamos a favor del Estado de Derecho, nadie puede estar por encima de la ley\u201d.<\/p>\n\n\n\n<p>Tambi\u00e9n, se\u00f1alan su respaldo a las decisiones de la gobernadora Evelyn Salgado Pineda.<\/p>\n","protected":false},"excerpt":{"rendered":"<p>&#8211; \u201cEste es un gobierno del pueblo y para el pueblo\u201d, se\u00f1ala Evelyn Salgado Pineda Rogelio Agust\u00edn La gobernadora Evelyn Salgado Pineda reiter\u00f3 su pol\u00edtica de no represi\u00f3n y se&hellip; <\/p>\n","protected":false},"author":21,"featured_media":41157,"comment_status":"open","ping_status":"open","sticky":false,"template":"","format":"standard","meta":{"fifu_image_url":"","fifu_image_alt":"","footnotes":""},"categories":[11],"tags":[],"class_list":["post-41160","post","type-post","status-publish","format-standard","has-post-thumbnail","hentry","category-guerrero"],"_links":{"self":[{"href":"https:\/\/www.interaccionnoticias.com.mx\/index.php?rest_route=\/wp\/v2\/posts\/41160","targetHints":{"allow":["GET"]}}],"collection":[{"href":"https:\/\/www.interaccionnoticias.com.mx\/index.php?rest_route=\/wp\/v2\/posts"}],"about":[{"href":"https:\/\/www.interaccionnoticias.com.mx\/index.php?rest_route=\/wp\/v2\/types\/post"}],"author":[{"embeddable":true,"href":"https:\/\/www.interaccionnoticias.com.mx\/index.php?rest_route=\/wp\/v2\/users\/21"}],"replies":[{"embeddable":true,"href":"https:\/\/www.interaccionnoticias.com.mx\/index.php?rest_route=%2Fwp%2Fv2%2Fcomments&post=41160"}],"version-history":[{"count":1,"href":"https:\/\/www.interaccionnoticias.com.mx\/index.php?rest_route=\/wp\/v2\/posts\/41160\/revisions"}],"predecessor-version":[{"id":41161,"href":"https:\/\/www.interaccionnoticias.com.mx\/index.php?rest_route=\/wp\/v2\/posts\/41160\/revisions\/41161"}],"wp:featuredmedia":[{"embeddable":true,"href":"https:\/\/www.interaccionnoticias.com.mx\/index.php?rest_route=\/wp\/v2\/media\/41157"}],"wp:attachment":[{"href":"https:\/\/www.interaccionnoticias.com.mx\/index.php?rest_route=%2Fwp%2Fv2%2Fmedia&parent=41160"}],"wp:term":[{"taxonomy":"category","embeddable":true,"href":"https:\/\/www.interaccionnoticias.com.mx\/index.php?rest_route=%2Fwp%2Fv2%2Fcategories&post=41160"},{"taxonomy":"post_tag","embeddable":true,"href":"https:\/\/www.interaccionnoticias.com.mx\/index.php?rest_route=%2Fwp%2Fv2%2Ftags&post=41160"}],"curies":[{"name":"wp","href":"https:\/\/api.w.org\/{rel}","templated":true}]}}