{"id":41156,"date":"2022-02-05T08:49:53","date_gmt":"2022-02-05T14:49:53","guid":{"rendered":"https:\/\/interaccionnoticias.com.mx\/?p=41156"},"modified":"2022-02-05T08:49:58","modified_gmt":"2022-02-05T14:49:58","slug":"camaras-empresariales-avalan-acciones-para-evitar-la-toma-de-casetas-en-guerrero","status":"publish","type":"post","link":"https:\/\/www.interaccionnoticias.com.mx\/?p=41156","title":{"rendered":"C\u00e1maras empresariales avalan acciones para evitar la toma de casetas en Guerrero"},"content":{"rendered":"\n<p><strong>Rosario Garc\u00eda Orozco<\/strong><\/p>\n\n\n\n<p><strong>Chilpancingo, Gro., 4 de feb rero del 2022.-<\/strong> Grupos empresariales de Guerrero avalaron las acciones emprendidas por la Guardia Nacional y la Polic\u00eda del Estado, quienes se enfrentaron con estudiantes normalistas de Ayotzinapa cuando \u00e9stos pretend\u00edan tomar la caseta de cobros de Palo Blanco.<\/p>\n\n\n\n<p>Mediante un comunicado la Confederaci\u00f3n Patronal de la Rep\u00fablica Mexicana (Coparmex) rechaz\u00f3 \u00ablas acciones y los actos de violencia por parte de los normalistas de Ayotzinapa en la Autopista del Sol, hay elementos de la Guardia Nacional lesionados\u00bb.<\/p>\n\n\n\n<p>Los empresarios de Coparmex manifestaron tambi\u00e9n que \u00abacciones como estas no benefician a nuestra econom\u00eda, a la armon\u00eda y a la pacificaci\u00f3n de nuestro estado\u00bb.<\/p>\n\n\n\n<p>Por esa raz\u00f3n, a trav\u00e9s del comunicado, dijeron respaldar la \u00abvaliente intervenci\u00f3n de las fuerzas del orden y las decisiones atinadas de nuestra gobernadora la maestra Evelyn Salgado Pineda\u00bb.<\/p>\n\n\n\n<p>Lo anterior tras el enfrentamiento que se registr\u00f3 en la caseta de Palo Blanco cuando estudiantes de Ayotzinapa pretend\u00edan tomar la caseta de cobros, en donde de manera preliminar se tiene conocimiento de 21 polic\u00edas y 20 estudiantes lesionados, as\u00ed como 5 normalistas detenidos.<\/p>\n\n\n\n<p>En otro comunicado enviado a los medios de comunicaci\u00f3n y difundido a trav\u00e9s de sus redes sociales, el Consejo Coordinador Empresarial, Guerrerenses comprometidos con el bienestar A.C., expresaron su respaldo \u00aba las fuerzas del orden, a la Guardia Nacional, quienes de manera decidida intervinieron para evitar la toma de la caseta de Palo Blanco en la Autopista del Sol\u00bb.<\/p>\n\n\n\n<p>Del mismo modo, rechazaron la agresi\u00f3n \u00abde la que fueron objeto los oficiales de la Guardia Nacional y de la Polic\u00eda del estado, donde resultaron lesionados 21 elementos\u00bb.<\/p>\n\n\n\n<p>Tambi\u00e9n se\u00f1alaron que solamente mediante el di\u00e1logo y el consenso es como se puede contribuir al desarrollo econ\u00f3mico y el bienestar social del estado.<\/p>\n\n\n\n<p>Dijeron estar a favor de la preservaci\u00f3n del estado de derecho, \u00abnadie puede estar por encima de la ley\u00bb, sostiene el empresariado mediante ese comunicado.<\/p>\n\n\n\n<p>Finalmente, expresaron su respaldo a las decisiones y sobre todo a los resultados obtenidos por el actual gobierno del estado, que encabeza Evelyn Salgado.<\/p>\n","protected":false},"excerpt":{"rendered":"<p>Rosario Garc\u00eda Orozco Chilpancingo, Gro., 4 de feb rero del 2022.- Grupos empresariales de Guerrero avalaron las acciones emprendidas por la Guardia Nacional y la Polic\u00eda del Estado, quienes se&hellip; <\/p>\n","protected":false},"author":14,"featured_media":41158,"comment_status":"open","ping_status":"open","sticky":false,"template":"","format":"standard","meta":{"fifu_image_url":"","fifu_image_alt":"","footnotes":""},"categories":[29],"tags":[89],"class_list":["post-41156","post","type-post","status-publish","format-standard","has-post-thumbnail","hentry","category-sociedad","tag-evelyn-salgado-pineda"],"_links":{"self":[{"href":"https:\/\/www.interaccionnoticias.com.mx\/index.php?rest_route=\/wp\/v2\/posts\/41156","targetHints":{"allow":["GET"]}}],"collection":[{"href":"https:\/\/www.interaccionnoticias.com.mx\/index.php?rest_route=\/wp\/v2\/posts"}],"about":[{"href":"https:\/\/www.interaccionnoticias.com.mx\/index.php?rest_route=\/wp\/v2\/types\/post"}],"author":[{"embeddable":true,"href":"https:\/\/www.interaccionnoticias.com.mx\/index.php?rest_route=\/wp\/v2\/users\/14"}],"replies":[{"embeddable":true,"href":"https:\/\/www.interaccionnoticias.com.mx\/index.php?rest_route=%2Fwp%2Fv2%2Fcomments&post=41156"}],"version-history":[{"count":1,"href":"https:\/\/www.interaccionnoticias.com.mx\/index.php?rest_route=\/wp\/v2\/posts\/41156\/revisions"}],"predecessor-version":[{"id":41159,"href":"https:\/\/www.interaccionnoticias.com.mx\/index.php?rest_route=\/wp\/v2\/posts\/41156\/revisions\/41159"}],"wp:featuredmedia":[{"embeddable":true,"href":"https:\/\/www.interaccionnoticias.com.mx\/index.php?rest_route=\/wp\/v2\/media\/41158"}],"wp:attachment":[{"href":"https:\/\/www.interaccionnoticias.com.mx\/index.php?rest_route=%2Fwp%2Fv2%2Fmedia&parent=41156"}],"wp:term":[{"taxonomy":"category","embeddable":true,"href":"https:\/\/www.interaccionnoticias.com.mx\/index.php?rest_route=%2Fwp%2Fv2%2Fcategories&post=41156"},{"taxonomy":"post_tag","embeddable":true,"href":"https:\/\/www.interaccionnoticias.com.mx\/index.php?rest_route=%2Fwp%2Fv2%2Ftags&post=41156"}],"curies":[{"name":"wp","href":"https:\/\/api.w.org\/{rel}","templated":true}]}}