{"id":41111,"date":"2022-02-03T19:14:30","date_gmt":"2022-02-04T01:14:30","guid":{"rendered":"https:\/\/interaccionnoticias.com.mx\/?p=41111"},"modified":"2022-02-03T19:14:34","modified_gmt":"2022-02-04T01:14:34","slug":"lider-del-congreso-niega-ejercer-mordaza-contra-diputada-del-pri","status":"publish","type":"post","link":"https:\/\/www.interaccionnoticias.com.mx\/?p=41111","title":{"rendered":"L\u00edder del Congreso niega ejercer \u201cmordaza\u201d contra diputada del PRI"},"content":{"rendered":"\n<p><strong><em>-\/ Confirma que la encargada de la Auditor\u00eda Superior del Estado (ASE) no se reunir\u00e1 con la Comisi\u00f3n de Vigilancia, pues ya la convoc\u00f3 la Jucopo\u00a0\u00a0<br>-\/ Alicia Zamora sostiene que se vulneraron sus derechos como diputada<\/em><\/strong><\/p>\n\n\n\n<p><strong>Rogelio Agust\u00edn<\/strong><\/p>\n\n\n\n<p>El presidente de la Junta de Coordinaci\u00f3n Pol\u00edtica (Jucopo) del Congreso local, Alfredo S\u00e1nchez Esquivel neg\u00f3 que haya ejercido un acto de censura en contra de la diputada local del PRI Alicia Zamora Villalba, al no permitirle que presentara un punto de acuerdo en torno a la situaci\u00f3n que prevalece en la Auditor\u00eda Superior del Estado (ASE), cuya encargada de despacho se reunir\u00e1 este viernes con los coordinadores de fracci\u00f3n y representantes de partido.&nbsp;<\/p>\n\n\n\n<p>La jornada del mi\u00e9rcoles, la diputada Zamora Villalba tom\u00f3 parte de la junta de conferencia en que se dise\u00f1ar\u00eda la sesi\u00f3n de la Comisi\u00f3n Permanente, en la que pretend\u00eda presentar un punto de acuerdo, situaci\u00f3n que no se le permiti\u00f3.<\/p>\n\n\n\n<p>La propuesta, iba en el sentido de solicitar que la encargada de despacho de la ASE, Natividad P\u00e9rez Guinto fuera llamada a una reuni\u00f3n de trabajo en la Comisi\u00f3n de Vigilancia y Evaluaci\u00f3n, para que explicara la raz\u00f3n por la que emiti\u00f3 por lo menos cinco nombramientos de manera completamente irregular, a favor de tres auditores especiales y dos directores de \u00e1rea.<\/p>\n\n\n\n<p>En la reuni\u00f3n de conferencia, el presidente de la JUcopo le se\u00f1al\u00f3 que el asunto no ser\u00eda tratado en la Comisi\u00f3n de Vigilancia, sino por la Junta de Coordinaci\u00f3n Pol\u00edtica (Jucopo).<\/p>\n\n\n\n<p>Ese acto de rechazo, para la diputada Zamora constituye una mordaza, que vulnera sus derechos como representante popular.<\/p>\n\n\n\n<p>La ma\u00f1ana del jueves, el presidente de la Jucopo, Alfredo S\u00e1nchez destac\u00f3: \u201cEsa es la opini\u00f3n de la diputada, la respetamos pero no la compartimos\u201d.&nbsp;<\/p>\n\n\n\n<p>Luego destac\u00f3: \u201cEn breve, por acuerdo de la Junta de Coordinaci\u00f3n Pol\u00edtica, tendremos una reuni\u00f3n de trabajo con la actual encargada de despacho, para que (explique) algunos hechos que han generado dudas y que buscan que se explique sean atendidos\u201d.<\/p>\n\n\n\n<p>Dijo que la Jucopo, como el \u00f3rgano de gobierno en el que est\u00e1n representadas las fracciones parlamentarias y representaciones de partido, tiene que asumir su responsabilidad y darle el cauce correspondiente, caso contrario, comenzar\u00eda a haber un tipo de desorden\u201d.<\/p>\n\n\n\n<p>Indic\u00f3: \u201cNosotros hacemos lo que la Ley Org\u00e1nica nos marca, en algunos casos cuando no conviene, cuando no gusta pues algunos se sienten aludidos pero somos muy respetuosos\u201d.<\/p>\n\n\n\n<p>Para sustentar el argumento de que no hubo censura contra la diputada Zamora, dijo que durante la sesi\u00f3n se le pudo escuchar, cuando hizo uso de la palabra sin que nadie pretendiera evitar que hiciera sus comentarios.<\/p>\n\n\n\n<p>Respecto al por qu\u00e9 se llamar\u00e1 a reuni\u00f3n a la encargada de la ASE ante la Jucopo, pero no ante la comisi\u00f3n que le corresponde, que es la Comisi\u00f3n de Vigilancia y Evaluaci\u00f3n, S\u00e1nchez Esquivel destac\u00f3: \u201cEl primer paso es que la Jucopo en muchos de los casos, cuando son temas que ata\u00f1en al Poder Legislativo y en los que definitivamente se tiene que dar atenci\u00f3n, ya la Junta le est\u00e1 dando atenci\u00f3n, hay solicitudes por parte de los integrantes de la Comisi\u00f3n, creo que en algunos d\u00edas se va a reunir con ellos la encargada, son diferentes momentos y diferentes apreciaciones\u201d.<\/p>\n\n\n\n<p>En todo caso, reiter\u00f3 que en la Jucopo est\u00e1n representados todos los partidos, incluido el PRI, donde su coordinador (H\u00e9ctor Apreza Patr\u00f3n) podr\u00e1 hacer los cuestionamientos que a la diputada (Alicia Zamora) le parezca pertinente\u201d.<\/p>\n\n\n\n<p>A pregunta expresa, dijo que la reuni\u00f3n de los integrantes de la Jucopo con la encargada de la ASE se podr\u00eda realizar este viernes, probablemente en las instalaciones del Congreso.<\/p>\n","protected":false},"excerpt":{"rendered":"<p>-\/ Confirma que la encargada de la Auditor\u00eda Superior del Estado (ASE) no se reunir\u00e1 con la Comisi\u00f3n de Vigilancia, pues ya la convoc\u00f3 la Jucopo\u00a0\u00a0-\/ Alicia Zamora sostiene que&hellip; <\/p>\n","protected":false},"author":21,"featured_media":41112,"comment_status":"open","ping_status":"open","sticky":false,"template":"","format":"standard","meta":{"fifu_image_url":"","fifu_image_alt":"","footnotes":""},"categories":[2],"tags":[],"class_list":["post-41111","post","type-post","status-publish","format-standard","has-post-thumbnail","hentry","category-congreso"],"_links":{"self":[{"href":"https:\/\/www.interaccionnoticias.com.mx\/index.php?rest_route=\/wp\/v2\/posts\/41111","targetHints":{"allow":["GET"]}}],"collection":[{"href":"https:\/\/www.interaccionnoticias.com.mx\/index.php?rest_route=\/wp\/v2\/posts"}],"about":[{"href":"https:\/\/www.interaccionnoticias.com.mx\/index.php?rest_route=\/wp\/v2\/types\/post"}],"author":[{"embeddable":true,"href":"https:\/\/www.interaccionnoticias.com.mx\/index.php?rest_route=\/wp\/v2\/users\/21"}],"replies":[{"embeddable":true,"href":"https:\/\/www.interaccionnoticias.com.mx\/index.php?rest_route=%2Fwp%2Fv2%2Fcomments&post=41111"}],"version-history":[{"count":1,"href":"https:\/\/www.interaccionnoticias.com.mx\/index.php?rest_route=\/wp\/v2\/posts\/41111\/revisions"}],"predecessor-version":[{"id":41113,"href":"https:\/\/www.interaccionnoticias.com.mx\/index.php?rest_route=\/wp\/v2\/posts\/41111\/revisions\/41113"}],"wp:featuredmedia":[{"embeddable":true,"href":"https:\/\/www.interaccionnoticias.com.mx\/index.php?rest_route=\/wp\/v2\/media\/41112"}],"wp:attachment":[{"href":"https:\/\/www.interaccionnoticias.com.mx\/index.php?rest_route=%2Fwp%2Fv2%2Fmedia&parent=41111"}],"wp:term":[{"taxonomy":"category","embeddable":true,"href":"https:\/\/www.interaccionnoticias.com.mx\/index.php?rest_route=%2Fwp%2Fv2%2Fcategories&post=41111"},{"taxonomy":"post_tag","embeddable":true,"href":"https:\/\/www.interaccionnoticias.com.mx\/index.php?rest_route=%2Fwp%2Fv2%2Ftags&post=41111"}],"curies":[{"name":"wp","href":"https:\/\/api.w.org\/{rel}","templated":true}]}}