{"id":41109,"date":"2022-02-03T19:07:19","date_gmt":"2022-02-04T01:07:19","guid":{"rendered":"https:\/\/interaccionnoticias.com.mx\/?p=41109"},"modified":"2022-02-03T19:07:24","modified_gmt":"2022-02-04T01:07:24","slug":"en-guerrero-hay-dos-operativos-de-seguridad-con-refuerzo-de-elementos-federales-para-contener-los-indices-de-violencia","status":"publish","type":"post","link":"https:\/\/www.interaccionnoticias.com.mx\/?p=41109","title":{"rendered":"En Guerrero hay dos operativos de seguridad con refuerzo de elementos federales para contener los \u00edndices de violencia"},"content":{"rendered":"\n<p><strong><em>-\/ Participan elementos de la Sedena, la Marina y la Guardia Nacional<br>-\/ De acuerdo a los indicadores del Secretariado Ejecutivo de Seguridad, en Guerrero han bajado los \u00edndices de homicidios dolosos, asegur\u00f3 la gobernadora Evelyn Salgado<\/em><\/strong><\/p>\n\n\n\n<p><strong>Rosario Garc\u00eda Orozco<\/strong><\/p>\n\n\n\n<p><strong>Chilpancingo, Gro., 3 de febrero del 2022.-<\/strong> El gobierno del estado, en\u00a0\u00a0coordinaci\u00f3n con el gobierno federal, llevan a cabo un reforzamiento de seguridad en dos operativos en toda la entidad, inform\u00f3 el secretario de Seguridad P\u00fablica, Evelio M\u00e9ndez G\u00f3mez.<\/p>\n\n\n\n<p>En la \u00faltima semana se han visto grupos de elementos federales en recorridos en avenidas del centro de Chilpancingo, as\u00ed como en colonias perif\u00e9ricas y plazas p\u00fablicas, como parte de esos refuerzos, reconoci\u00f3 el funcionario.&nbsp;<\/p>\n\n\n\n<p>El refuerzo es con unos 220 elementos de instancias federales, que se relevan cada 45 d\u00edas, y se espera que puedan llegar m\u00e1s elementos federales en unos d\u00edas m\u00e1s para incorporarse a las acciones que de manera coordinada con la polic\u00eda del estado se llevan a cabo desde el mes de octubre pasado, como parte del compromiso que asumi\u00f3 el presidente Andr\u00e9s Manuel L\u00f3pez Obrador, explic\u00f3 el mando policiaco.<\/p>\n\n\n\n<p>El operativo \u00abSanta Luc\u00eda\u00bb se aplica en el puerto de Acapulco, y es en conjunto con la polic\u00eda del estado, la Marina, la Secretar\u00eda de la Defensa Nacional (Sedena) y la Guardia Nacional, dijo el funcionario estatal.<\/p>\n\n\n\n<p>Agreg\u00f3,&nbsp;&nbsp;que el otro operativo es el \u00abPlan de Apoyo a Guerrero\u00bb , en el que participa tambi\u00e9n personal de la Marina, junto con elementos de la Polic\u00eda estatal en los municipios de Chilpancingo e Iguala, \u00aby se espera que lleguen m\u00e1s elementos federales\u00bb .<\/p>\n\n\n\n<p>Explic\u00f3 que los elementos de la Polic\u00eda Estatal tambi\u00e9n han reforzado la seguridad en diferentes municipios, seg\u00fan las necesidades del estado.<\/p>\n\n\n\n<p>Por su parte, la gobernadora Evelyn Salgado Pineda, al hablar sobre el mismo tema, asegur\u00f3 que de acuerdo a las cifras del Secretariado Ejecutivo de Seguridad, en Guerrero han bajado los \u00edndices de homicidio doloso, y para ello ha sido necesario reforzar la seguridad en municipios como Acapulco, Chilpancingo, Huitzuco, Iguala y otros m\u00e1s, \u00abdonde se han detectado focos rojos, en donde se participa con estrategias y acciones para garantizar la seguridad de las ciudades y comunidades\u00bb.<\/p>\n\n\n\n<p>Agreg\u00f3 que se combate todos los d\u00edas la violencia y en la Mesa de Coordinaci\u00f3n para la Costrucci\u00f3n de la Paz, todos los d\u00edas se delinean estrategias para lograrlo.<\/p>\n\n\n\n<p>\u00abEn Guerrero no habr\u00e1 impunidad, ning\u00fan homicidio se puede quedar sin esclarecer, la justicia debe llegar a todas las familias que han perdido a un ser querido\u00bb, fue la respuesta de Salgado Pineda a quienes consideran que la estrategia de seguridad de la actual administraci\u00f3n estatal no est\u00e1 funcionando, \u00abyo no dir\u00eda que no esta funcionando, porque tenemos los reportes desde la Federaci\u00f3n que nos dicen que en Guerrero ha bajado el \u00edndice delictivo\u00bb.<\/p>\n","protected":false},"excerpt":{"rendered":"<p>-\/ Participan elementos de la Sedena, la Marina y la Guardia Nacional-\/ De acuerdo a los indicadores del Secretariado Ejecutivo de Seguridad, en Guerrero han bajado los \u00edndices de homicidios&hellip; <\/p>\n","protected":false},"author":14,"featured_media":41102,"comment_status":"open","ping_status":"open","sticky":false,"template":"","format":"standard","meta":{"fifu_image_url":"","fifu_image_alt":"","footnotes":""},"categories":[27],"tags":[],"class_list":["post-41109","post","type-post","status-publish","format-standard","has-post-thumbnail","hentry","category-seguridad-publica"],"_links":{"self":[{"href":"https:\/\/www.interaccionnoticias.com.mx\/index.php?rest_route=\/wp\/v2\/posts\/41109","targetHints":{"allow":["GET"]}}],"collection":[{"href":"https:\/\/www.interaccionnoticias.com.mx\/index.php?rest_route=\/wp\/v2\/posts"}],"about":[{"href":"https:\/\/www.interaccionnoticias.com.mx\/index.php?rest_route=\/wp\/v2\/types\/post"}],"author":[{"embeddable":true,"href":"https:\/\/www.interaccionnoticias.com.mx\/index.php?rest_route=\/wp\/v2\/users\/14"}],"replies":[{"embeddable":true,"href":"https:\/\/www.interaccionnoticias.com.mx\/index.php?rest_route=%2Fwp%2Fv2%2Fcomments&post=41109"}],"version-history":[{"count":1,"href":"https:\/\/www.interaccionnoticias.com.mx\/index.php?rest_route=\/wp\/v2\/posts\/41109\/revisions"}],"predecessor-version":[{"id":41110,"href":"https:\/\/www.interaccionnoticias.com.mx\/index.php?rest_route=\/wp\/v2\/posts\/41109\/revisions\/41110"}],"wp:featuredmedia":[{"embeddable":true,"href":"https:\/\/www.interaccionnoticias.com.mx\/index.php?rest_route=\/wp\/v2\/media\/41102"}],"wp:attachment":[{"href":"https:\/\/www.interaccionnoticias.com.mx\/index.php?rest_route=%2Fwp%2Fv2%2Fmedia&parent=41109"}],"wp:term":[{"taxonomy":"category","embeddable":true,"href":"https:\/\/www.interaccionnoticias.com.mx\/index.php?rest_route=%2Fwp%2Fv2%2Fcategories&post=41109"},{"taxonomy":"post_tag","embeddable":true,"href":"https:\/\/www.interaccionnoticias.com.mx\/index.php?rest_route=%2Fwp%2Fv2%2Ftags&post=41109"}],"curies":[{"name":"wp","href":"https:\/\/api.w.org\/{rel}","templated":true}]}}