{"id":41105,"date":"2022-02-03T18:37:29","date_gmt":"2022-02-04T00:37:29","guid":{"rendered":"https:\/\/interaccionnoticias.com.mx\/?p=41105"},"modified":"2022-02-03T18:37:34","modified_gmt":"2022-02-04T00:37:34","slug":"balean-a-un-hombre-en-pleno-centro-de-acapulco","status":"publish","type":"post","link":"https:\/\/www.interaccionnoticias.com.mx\/?p=41105","title":{"rendered":"Balean a un hombre en pleno centro de Acapulco"},"content":{"rendered":"\n<p><strong><em>&#8211; Por tercer d\u00eda consecutivo, reportan hechos de violencia<\/em><\/strong><\/p>\n\n\n\n<p><strong>Javier Trujillo<\/strong><\/p>\n\n\n\n<p><strong>Acapulco, Gro. \u2013<\/strong> Un hombre herido dej\u00f3 un ataque a balazos en pleno centro del puerto de Acapulco.<\/p>\n\n\n\n<p>Desde una motocicleta, le dispararon en varias ocasiones al conductor de una camioneta roja, que, tras la agresi\u00f3n armada, se impact\u00f3 contra un veh\u00edculo estacionado y una tienda OXXO, en la calle Lerdo de Tejada.<\/p>\n\n\n\n<p>Los hechos se registraron a las 09:00 horas, justamente atr\u00e1s del ayuntamiento porte\u00f1o, cuando los ocupantes de una motocicleta le dispararon al conductor de la camioneta, entre las calles Independencia y Lerdo de Tejada.<\/p>\n\n\n\n<p>La agresi\u00f3n armada, ocasion\u00f3 que el chofer se impactara contra una tienda Oxxo ubicada en el lugar, y al mismo tiempo, golpeara un autom\u00f3vil marca Nissan tipo Versa, que estaba estacionado.<\/p>\n\n\n\n<p>Se indica que, al interior de la unidad, qued\u00f3 la v\u00edctima, a quien le dispararon en al menos ocho ocasiones, con arma calibre nueve mil\u00edmetros, de acuerdo con indicios de casquillos percutidos.<\/p>\n\n\n\n<p>De inmediato se gener\u00f3 una fuerte movilizaci\u00f3n policiaca, as\u00ed como militares y elementos de la Marina Armada de M\u00e9xico.<\/p>\n\n\n\n<p>M\u00e1s tarde, elementos de la Polic\u00eda Investigadora Ministerial (PIM), acord\u00f3 la zona para las diligencias.<\/p>\n\n\n\n<p>Personal de la Cruz Roja trasladaron al herido a un hospital m\u00e1s cercano del puerto donde le brindaron atenci\u00f3n m\u00e9dica inmediata.<\/p>\n","protected":false},"excerpt":{"rendered":"<p>&#8211; Por tercer d\u00eda consecutivo, reportan hechos de violencia Javier Trujillo Acapulco, Gro. \u2013 Un hombre herido dej\u00f3 un ataque a balazos en pleno centro del puerto de Acapulco. Desde&hellip; <\/p>\n","protected":false},"author":3,"featured_media":41100,"comment_status":"open","ping_status":"open","sticky":false,"template":"","format":"standard","meta":{"fifu_image_url":"","fifu_image_alt":"","footnotes":""},"categories":[27],"tags":[],"class_list":["post-41105","post","type-post","status-publish","format-standard","has-post-thumbnail","hentry","category-seguridad-publica"],"_links":{"self":[{"href":"https:\/\/www.interaccionnoticias.com.mx\/index.php?rest_route=\/wp\/v2\/posts\/41105","targetHints":{"allow":["GET"]}}],"collection":[{"href":"https:\/\/www.interaccionnoticias.com.mx\/index.php?rest_route=\/wp\/v2\/posts"}],"about":[{"href":"https:\/\/www.interaccionnoticias.com.mx\/index.php?rest_route=\/wp\/v2\/types\/post"}],"author":[{"embeddable":true,"href":"https:\/\/www.interaccionnoticias.com.mx\/index.php?rest_route=\/wp\/v2\/users\/3"}],"replies":[{"embeddable":true,"href":"https:\/\/www.interaccionnoticias.com.mx\/index.php?rest_route=%2Fwp%2Fv2%2Fcomments&post=41105"}],"version-history":[{"count":1,"href":"https:\/\/www.interaccionnoticias.com.mx\/index.php?rest_route=\/wp\/v2\/posts\/41105\/revisions"}],"predecessor-version":[{"id":41106,"href":"https:\/\/www.interaccionnoticias.com.mx\/index.php?rest_route=\/wp\/v2\/posts\/41105\/revisions\/41106"}],"wp:featuredmedia":[{"embeddable":true,"href":"https:\/\/www.interaccionnoticias.com.mx\/index.php?rest_route=\/wp\/v2\/media\/41100"}],"wp:attachment":[{"href":"https:\/\/www.interaccionnoticias.com.mx\/index.php?rest_route=%2Fwp%2Fv2%2Fmedia&parent=41105"}],"wp:term":[{"taxonomy":"category","embeddable":true,"href":"https:\/\/www.interaccionnoticias.com.mx\/index.php?rest_route=%2Fwp%2Fv2%2Fcategories&post=41105"},{"taxonomy":"post_tag","embeddable":true,"href":"https:\/\/www.interaccionnoticias.com.mx\/index.php?rest_route=%2Fwp%2Fv2%2Ftags&post=41105"}],"curies":[{"name":"wp","href":"https:\/\/api.w.org\/{rel}","templated":true}]}}