{"id":41095,"date":"2022-02-03T18:20:58","date_gmt":"2022-02-04T00:20:58","guid":{"rendered":"https:\/\/interaccionnoticias.com.mx\/?p=41095"},"modified":"2022-02-03T18:21:03","modified_gmt":"2022-02-04T00:21:03","slug":"fundador-de-la-crac-pf-se-desmarca-de-cualquier-vinculo-con-los-rojos","status":"publish","type":"post","link":"https:\/\/www.interaccionnoticias.com.mx\/?p=41095","title":{"rendered":"Fundador de la CRAC-PF se desmarca de cualquier v\u00ednculo con \u201cLos Rojos\u201d"},"content":{"rendered":"\n<p><strong>&#8212; En todo caso, los involucrados ser\u00edan los l\u00edderes del CIPOG, se\u00f1ala Bernardino S\u00e1nchez Luna<br>&#8212; Los hombres privados de la libertad, exhibidos en video son guardaespaldas del dirigente del CIPOG, asegura<\/strong><\/p>\n\n\n\n<p><strong>Rogelio Agust\u00edn<\/strong><\/p>\n\n\n\n<p>El coordinador de la Polic\u00eda Comunitaria de Rinc\u00f3n de Chautla, Bernardino S\u00e1nchez Luna se desmarc\u00f3 de cualquier v\u00ednculo con el grupo delictivo conocido como \u201cLos Rojos\u201d, tambi\u00e9n confirm\u00f3 el distanciamiento que existe con los dirigentes del Consejo Ind\u00edgena y Popular del Estado de Guerrero (CIPOG), que operan en la zona de Alcozac\u00e1n, Tula y Xicotl\u00e1n.<\/p>\n\n\n\n<p>En un comunicado, S\u00e1nchez Luna record\u00f3 que la tarde del martes 25 de enero se report\u00f3 la desaparici\u00f3n integrantes del CIPOG; Samuel Hern\u00e1ndez S\u00e1nchez, de la comunidad de Zacapexco y Pablo Hilario Morales, originario de Tula.<\/p>\n\n\n\n<p>Ambas comunidades pertenecen a Chilapa, aunque la privaci\u00f3n de la libertad, seg\u00fan los reportes que se conocen, se registr\u00f3 en el municipio de Atlixtac.<\/p>\n\n\n\n<p>El dirigente de la CRAC-PF en Rinc\u00f3n de Chautla, se\u00f1ala que la jornada del 1 de febrero, en un video colocado en redes sociales, se observa a los desaparecidos en un video en el que sostienen que la polic\u00eda comunitaria que opera en Chilapa est\u00e1 coludida con \u201cLos Rojos\u201d, uno de los grupos delictivos que han generado violencia desde hace m\u00e1s de diez a\u00f1os.<\/p>\n\n\n\n<p>En el video, Pablo Hilario y Samuel Hern\u00e1ndez declaran que la CRAC-PF trabaja en coordinaci\u00f3n con los rojos, grupo que principalmente les ha proporcionado armamento, municipios y veh\u00edculos.<\/p>\n\n\n\n<p>Ante la aseveraci\u00f3n, S\u00e1nchez Luna se\u00f1ala: \u201cYo como fundador rechazo totalmente esta declaraci\u00f3n, porque desde que se fund\u00f3 la CRAC-PF, jam\u00e1s ha tenido ning\u00fan dialogo con \u201cLos Rojos\u201d.<\/p>\n\n\n\n<p>S\u00e1nchez Luna rechaz\u00f3 que conozca a Zen\u00e9n Nava, quien es identificado como uno de los principales generadores de violencia en la Monta\u00f1a baja, aunque actualmente se encuentra preso en el penal de Chilpancingo.<\/p>\n\n\n\n<p>De varias acciones que se la adjudican, dijo que no se le puede responsabilizar, pues desde 2016 no toma decisiones al seno de la CRAC.<\/p>\n\n\n\n<p>Indic\u00f3: \u201cLos coordinadores de la CRAC, asesorados por Jes\u00fas Pl\u00e1cido Galindo, promotor del CIPOG-EZ me destituyeron y desconocieron a trav\u00e9s de los medios de comunicaci\u00f3n el 27 de agosto de 2020, sin consultar a los pueblos integrados a la CRAC de Rinc\u00f3n de Chautla\u201d.<\/p>\n\n\n\n<p>Bernardino S\u00e1nchez Luna refiere que desde 2020, Jes\u00fas Placido comenz\u00f3 a formar peque\u00f1os grupos en las comunidades para incorporarlas al CIPOG.<\/p>\n\n\n\n<p>Indic\u00f3: \u201cLas des personas secuestradas el 25 de enero eran guardaespaldas de Jes\u00fas Placido, lo tra\u00edan desde Tlapa hacia Alcozac\u00e1n\u201d.<\/p>\n\n\n\n<p>Se deslind\u00f3 de un presunto delincuente llamado Domingo Morales Ahuejote, de quien se dice en el video donde aparecen los dos reportados como desaparecidos, le entreg\u00f3 una camioneta blindada a la CRAC-PF.<\/p>\n\n\n\n<p>En el cierre del comunicado, el fundador de la CRAC-PF, se\u00f1ala que si alguien ha recibido armamento, cartuchos o veh\u00edculos, ha sido el CIPOG que encabeza Jes\u00fas Placido, por lo que son sus seguidores los que deben dar una explicaci\u00f3n.<\/p>\n","protected":false},"excerpt":{"rendered":"<p>&#8212; En todo caso, los involucrados ser\u00edan los l\u00edderes del CIPOG, se\u00f1ala Bernardino S\u00e1nchez Luna&#8212; Los hombres privados de la libertad, exhibidos en video son guardaespaldas del dirigente del CIPOG,&hellip; <\/p>\n","protected":false},"author":21,"featured_media":41075,"comment_status":"open","ping_status":"open","sticky":false,"template":"","format":"standard","meta":{"fifu_image_url":"","fifu_image_alt":"","footnotes":""},"categories":[27],"tags":[],"class_list":["post-41095","post","type-post","status-publish","format-standard","has-post-thumbnail","hentry","category-seguridad-publica"],"_links":{"self":[{"href":"https:\/\/www.interaccionnoticias.com.mx\/index.php?rest_route=\/wp\/v2\/posts\/41095","targetHints":{"allow":["GET"]}}],"collection":[{"href":"https:\/\/www.interaccionnoticias.com.mx\/index.php?rest_route=\/wp\/v2\/posts"}],"about":[{"href":"https:\/\/www.interaccionnoticias.com.mx\/index.php?rest_route=\/wp\/v2\/types\/post"}],"author":[{"embeddable":true,"href":"https:\/\/www.interaccionnoticias.com.mx\/index.php?rest_route=\/wp\/v2\/users\/21"}],"replies":[{"embeddable":true,"href":"https:\/\/www.interaccionnoticias.com.mx\/index.php?rest_route=%2Fwp%2Fv2%2Fcomments&post=41095"}],"version-history":[{"count":1,"href":"https:\/\/www.interaccionnoticias.com.mx\/index.php?rest_route=\/wp\/v2\/posts\/41095\/revisions"}],"predecessor-version":[{"id":41096,"href":"https:\/\/www.interaccionnoticias.com.mx\/index.php?rest_route=\/wp\/v2\/posts\/41095\/revisions\/41096"}],"wp:featuredmedia":[{"embeddable":true,"href":"https:\/\/www.interaccionnoticias.com.mx\/index.php?rest_route=\/wp\/v2\/media\/41075"}],"wp:attachment":[{"href":"https:\/\/www.interaccionnoticias.com.mx\/index.php?rest_route=%2Fwp%2Fv2%2Fmedia&parent=41095"}],"wp:term":[{"taxonomy":"category","embeddable":true,"href":"https:\/\/www.interaccionnoticias.com.mx\/index.php?rest_route=%2Fwp%2Fv2%2Fcategories&post=41095"},{"taxonomy":"post_tag","embeddable":true,"href":"https:\/\/www.interaccionnoticias.com.mx\/index.php?rest_route=%2Fwp%2Fv2%2Ftags&post=41095"}],"curies":[{"name":"wp","href":"https:\/\/api.w.org\/{rel}","templated":true}]}}