{"id":41074,"date":"2022-02-03T18:01:25","date_gmt":"2022-02-04T00:01:25","guid":{"rendered":"https:\/\/interaccionnoticias.com.mx\/?p=41074"},"modified":"2022-02-03T18:01:30","modified_gmt":"2022-02-04T00:01:30","slug":"gobernadora-de-guerrero-lanza-invitacion-al-dialogo-para-los-padres-de-los-43","status":"publish","type":"post","link":"https:\/\/www.interaccionnoticias.com.mx\/?p=41074","title":{"rendered":"Gobernadora de Guerrero lanza invitaci\u00f3n al dialogo para los padres de los 43"},"content":{"rendered":"\n<p><strong><em>&#8211; Evelyn Salgado, se dice dispuesta a retomar compromisos de la campa\u00f1a pasada<br>&#8211; Precisa que el tema de las casetas no implica un distanciamiento con la Normal de Ayotzinapa y los padres agraviados por la noche de Iguala<\/em><\/strong><\/p>\n\n\n\n<p><strong>Rogelio Agust\u00edn<\/strong><\/p>\n\n\n\n<p>La gobernadora Evelyn Salgado Pineda invit\u00f3 a los Padres de los 43 a retomar los compromisos que se plantearon durante la contienda electoral de 2021, para fortalecer la b\u00fasqueda de los estudiantes de la Normal Rural de Ayotzinapa, que se encuentran desaparecidos desde la noche del 26 de septiembre de 2014.<\/p>\n\n\n\n<p>En Chilpancingo, la titular del Ejecutivo local precis\u00f3 que si bien su administraci\u00f3n respalda el programa Autopista Segura, implementado por el Gobierno de la Rep\u00fablica, en realidad nunca se ha puesto en contra del derecho que las personas tienen a la libre manifestaci\u00f3n.<\/p>\n\n\n\n<p>Indic\u00f3, que los padres de los 43 y los estudiantes de la Normal Rural, tienen la posibilidad de movilizarse y de realizar acciones encaminadas a exigir la presentaci\u00f3n con vida de los j\u00f3venes desaparecidos, aunque precis\u00f3 que lo que no se puede hacer, es solicitar la cooperaci\u00f3n en los m\u00f3dulos de peaje de las carreteras de cuota, ni incurrir en acciones que se encuentren fuera del marco legal.<\/p>\n\n\n\n<p>Respecto a los acuerdos que en su momento, padres y estudiantes tuvieron con el senador con licencia, F\u00e9lix Salgado Macedonio, antes de que le retiraran la candidatura a gobernador por Morena, dijo que hay disposici\u00f3n para retomarlos y contribuir en la difusi\u00f3n del caso y los trabajos de b\u00fasqueda.<\/p>\n\n\n\n<p>La jornada del mi\u00e9rcoles, el abogado Vidulfo Rosales Sierra record\u00f3 que en Iguala de la Independencia, los padres y representantes de la sociedad de alumnos tuvieron un acercamiento con F\u00e9lix Salgado y Morena en Iguala de la Independencia, en un evento p\u00fablico que se difundi\u00f3 ampliamente y que se trazaron algunos compromisos, que bien podr\u00eda retomar la gobernadora.<\/p>\n\n\n\n<p>La tarde del jueves, la titular del Poder Ejecutivo local manifest\u00f3 que se encuentra dispuesta para retomar lo que se encuentra en el \u00e1mbito de sus competencias.<\/p>\n\n\n\n<p>\u201cLo que se pueda aportar y apoyar lo vamos a hacer con mucho gusto, el presidente Andr\u00e9s Manuel L\u00f3pez Obrador lo ha dicho, que est\u00e1 comprometido con los padres de los 43 para que llegue la justicia\u201d.<\/p>\n\n\n\n<p>De manera particular, dijo que su gobierno est\u00e1 en la disposici\u00f3n de participar en acciones de b\u00fasqueda, por lo que estableci\u00f3: \u201cNos podemos reunir con mucho gusto para ir puntualizando acci\u00f3n por acci\u00f3n; en qu\u00e9 se compromete el Gobierno del Estado, en qu\u00e9 los podemos apoyar, porque ya a nivel federal ya cuentan con algunos apoyos y lo que cuidar\u00edamos ser\u00eda no duplicar\u201d.<\/p>\n\n\n\n<p>Y lanz\u00f3: \u201cYo desde aqu\u00ed lanzo una invitaci\u00f3n a los padres de los 43, para que en cualquier momento que ellos gusten yo me re\u00fano con ellos, ya sea en Iguala o Chilpancingo nos re\u00fanimos, claro que s\u00ed\u201d.<\/p>\n\n\n\n<p>Entre los compromisos planteados durante la campa\u00f1a de proselitismo, se encuentra la posibilidad de que el Gobierno ofrezca una recompensa para quienes aporten informaci\u00f3n certera respecto al paradero de los 43 estudiantes de Ayotzinapa, tambi\u00e9n se habla de la colocaci\u00f3n de anuncios espectaculares, spots en Radio y Televisi\u00f3n de Guerrero (RTG) as\u00ed como b\u00fasquedas de campo.<\/p>\n","protected":false},"excerpt":{"rendered":"<p>&#8211; Evelyn Salgado, se dice dispuesta a retomar compromisos de la campa\u00f1a pasada&#8211; Precisa que el tema de las casetas no implica un distanciamiento con la Normal de Ayotzinapa y&hellip; <\/p>\n","protected":false},"author":21,"featured_media":41084,"comment_status":"open","ping_status":"open","sticky":false,"template":"","format":"standard","meta":{"fifu_image_url":"","fifu_image_alt":"","footnotes":""},"categories":[11],"tags":[],"class_list":["post-41074","post","type-post","status-publish","format-standard","has-post-thumbnail","hentry","category-guerrero"],"_links":{"self":[{"href":"https:\/\/www.interaccionnoticias.com.mx\/index.php?rest_route=\/wp\/v2\/posts\/41074","targetHints":{"allow":["GET"]}}],"collection":[{"href":"https:\/\/www.interaccionnoticias.com.mx\/index.php?rest_route=\/wp\/v2\/posts"}],"about":[{"href":"https:\/\/www.interaccionnoticias.com.mx\/index.php?rest_route=\/wp\/v2\/types\/post"}],"author":[{"embeddable":true,"href":"https:\/\/www.interaccionnoticias.com.mx\/index.php?rest_route=\/wp\/v2\/users\/21"}],"replies":[{"embeddable":true,"href":"https:\/\/www.interaccionnoticias.com.mx\/index.php?rest_route=%2Fwp%2Fv2%2Fcomments&post=41074"}],"version-history":[{"count":1,"href":"https:\/\/www.interaccionnoticias.com.mx\/index.php?rest_route=\/wp\/v2\/posts\/41074\/revisions"}],"predecessor-version":[{"id":41090,"href":"https:\/\/www.interaccionnoticias.com.mx\/index.php?rest_route=\/wp\/v2\/posts\/41074\/revisions\/41090"}],"wp:featuredmedia":[{"embeddable":true,"href":"https:\/\/www.interaccionnoticias.com.mx\/index.php?rest_route=\/wp\/v2\/media\/41084"}],"wp:attachment":[{"href":"https:\/\/www.interaccionnoticias.com.mx\/index.php?rest_route=%2Fwp%2Fv2%2Fmedia&parent=41074"}],"wp:term":[{"taxonomy":"category","embeddable":true,"href":"https:\/\/www.interaccionnoticias.com.mx\/index.php?rest_route=%2Fwp%2Fv2%2Fcategories&post=41074"},{"taxonomy":"post_tag","embeddable":true,"href":"https:\/\/www.interaccionnoticias.com.mx\/index.php?rest_route=%2Fwp%2Fv2%2Ftags&post=41074"}],"curies":[{"name":"wp","href":"https:\/\/api.w.org\/{rel}","templated":true}]}}