{"id":41065,"date":"2022-02-03T12:16:38","date_gmt":"2022-02-03T18:16:38","guid":{"rendered":"https:\/\/interaccionnoticias.com.mx\/?p=41065"},"modified":"2022-02-03T12:16:43","modified_gmt":"2022-02-03T18:16:43","slug":"atacan-a-balazos-a-recolector-de-basura","status":"publish","type":"post","link":"https:\/\/www.interaccionnoticias.com.mx\/?p=41065","title":{"rendered":"Atacan a balazos a recolector de basura"},"content":{"rendered":"\n<p><strong><em>&#8211; Familiares impiden que se lleven el cuerpo<\/em><\/strong><\/p>\n\n\n\n<p><strong>Javier Trujillo<\/strong><\/p>\n\n\n\n<p><strong>Acapulco, Gro.-<\/strong> Un hombre que se dedicaba a la recolecci\u00f3n de basura en el mercado del poblado de La Sabana fue atacado y asesinaron a balazos cuando estaba en el bulevar L\u00e1zaro C\u00e1rdenas en la zona suburbana de Acapulco.\u00a0<\/p>\n\n\n\n<p>Los hechos de violencia persisten por tercer d\u00eda consecutivo, sin que hasta el momento se haya detenido a ning\u00fana persona. La agresi\u00f3n se registr\u00f3 al filo de las 19:30 horas, entre los puestos semifijos, ubicados a la orilla de la carretera federal y del mercado de la zona, d\u00f3nde balearon a un hombre quien ah\u00ed qued\u00f3 herido de muerte por las lesiones.<\/p>\n\n\n\n<p>Hasta el lugar, llegaron polic\u00edas y otras corporaciones federales que ubicaron un puesto donde hab\u00eda un gran charco de sangre y, los agentes ministeriales en seguida iniciaron la b\u00fasqueda por los indicios.&nbsp;<\/p>\n\n\n\n<p>Tras encontrarlo se suscit\u00f3 una confrontaci\u00f3n entre familiares, soldados y agentes policiacos ministeriales, ya que no permitieron que el cad\u00e1ver sea trasladado al Servicio M\u00e9dico Forense.<\/p>\n\n\n\n<p>Cabe mencionar que la v\u00edctima fue trasladado por familiares y vecinos de la colonia, hacia un callej\u00f3n obscuro, d\u00f3nde los polic\u00edas, ubicaron a la v\u00edctima a un lado de donde fue atacado, y que se localiza a un lado del jard\u00edn de ni\u00f1os \u00abFederico Froebel\u00bb.&nbsp;<\/p>\n\n\n\n<p>El recolector de basura, se encontraba recostada boca bajo en un diablito de carga, ya que minutos antes sus familiares lo hab\u00edan recogido y lo pensaban trasladar a su vivienda.&nbsp;<\/p>\n\n\n\n<p>Los comerciantes y locatarios del centro de abasto, dijeron que a la v\u00edctima lo conoc\u00edan como el apodo de El Muti, y que se dedicaba a barrer y recolectar basura en el mercado de esta localidad en la zona suburbana.<\/p>\n","protected":false},"excerpt":{"rendered":"<p>&#8211; Familiares impiden que se lleven el cuerpo Javier Trujillo Acapulco, Gro.- Un hombre que se dedicaba a la recolecci\u00f3n de basura en el mercado del poblado de La Sabana&hellip; <\/p>\n","protected":false},"author":3,"featured_media":41066,"comment_status":"open","ping_status":"open","sticky":false,"template":"","format":"standard","meta":{"fifu_image_url":"","fifu_image_alt":"","footnotes":""},"categories":[27],"tags":[],"class_list":["post-41065","post","type-post","status-publish","format-standard","has-post-thumbnail","hentry","category-seguridad-publica"],"_links":{"self":[{"href":"https:\/\/www.interaccionnoticias.com.mx\/index.php?rest_route=\/wp\/v2\/posts\/41065","targetHints":{"allow":["GET"]}}],"collection":[{"href":"https:\/\/www.interaccionnoticias.com.mx\/index.php?rest_route=\/wp\/v2\/posts"}],"about":[{"href":"https:\/\/www.interaccionnoticias.com.mx\/index.php?rest_route=\/wp\/v2\/types\/post"}],"author":[{"embeddable":true,"href":"https:\/\/www.interaccionnoticias.com.mx\/index.php?rest_route=\/wp\/v2\/users\/3"}],"replies":[{"embeddable":true,"href":"https:\/\/www.interaccionnoticias.com.mx\/index.php?rest_route=%2Fwp%2Fv2%2Fcomments&post=41065"}],"version-history":[{"count":1,"href":"https:\/\/www.interaccionnoticias.com.mx\/index.php?rest_route=\/wp\/v2\/posts\/41065\/revisions"}],"predecessor-version":[{"id":41067,"href":"https:\/\/www.interaccionnoticias.com.mx\/index.php?rest_route=\/wp\/v2\/posts\/41065\/revisions\/41067"}],"wp:featuredmedia":[{"embeddable":true,"href":"https:\/\/www.interaccionnoticias.com.mx\/index.php?rest_route=\/wp\/v2\/media\/41066"}],"wp:attachment":[{"href":"https:\/\/www.interaccionnoticias.com.mx\/index.php?rest_route=%2Fwp%2Fv2%2Fmedia&parent=41065"}],"wp:term":[{"taxonomy":"category","embeddable":true,"href":"https:\/\/www.interaccionnoticias.com.mx\/index.php?rest_route=%2Fwp%2Fv2%2Fcategories&post=41065"},{"taxonomy":"post_tag","embeddable":true,"href":"https:\/\/www.interaccionnoticias.com.mx\/index.php?rest_route=%2Fwp%2Fv2%2Ftags&post=41065"}],"curies":[{"name":"wp","href":"https:\/\/api.w.org\/{rel}","templated":true}]}}