{"id":41051,"date":"2022-02-02T18:58:41","date_gmt":"2022-02-03T00:58:41","guid":{"rendered":"https:\/\/interaccionnoticias.com.mx\/?p=41051"},"modified":"2022-02-02T18:58:45","modified_gmt":"2022-02-03T00:58:45","slug":"padres-de-los-43-piden-a-la-gobernadora-y-morena-que-retome-acuerdos-pactados-durante-el-proceso-electoral-2021","status":"publish","type":"post","link":"https:\/\/www.interaccionnoticias.com.mx\/?p=41051","title":{"rendered":"Padres de los 43 piden a la gobernadora y Morena, que retome acuerdos pactados durante el proceso electoral 2021"},"content":{"rendered":"\n<p><strong><em>&#8211; En materia de difusi\u00f3n sobre los trabajos de b\u00fasqueda, tras el acercamiento p\u00fablico que hubo durante la campa\u00f1a de proselitismo<\/em><\/strong><\/p>\n\n\n\n<p><strong>Rogelio Agust\u00edn<\/strong><\/p>\n\n\n\n<p>El colectivo \u201cNos faltan 43\u201d solicit\u00f3 a la gobernadora del estado, Evelyn Salgado Pineda que retome los compromisos pactados con el senador con licencia, F\u00e9lix Salgado Macedonio durante el proceso electoral de 2021, que ayudar\u00edan a fortalecer los trabajos de b\u00fasqueda de los estudiantes desaparecidos desde la noche del 26 de septiembre de 2014.<\/p>\n\n\n\n<p>Vidulfo Rosales Sierra, abogado de los padres de los 43, record\u00f3 que durante el proceso electoral pasado, antes de que el Instituto Nacional Electoral (INE) revocara el registro de la candidatura a gobernador del senador con licencia, F\u00e9lix Salgado Macedonio, hubo un acercamiento en la ciudad de Iguala de la Independencia, en la que se establecieron acuerdos que son importantes para los pap\u00e1s de los estudiantes desaparecidos.<\/p>\n\n\n\n<p>Reconoci\u00f3 que se tiene muy claro que el senador con licencia no es el gobernador, sin embargo, record\u00f3 que el partido que lo postulaba termin\u00f3 ganando los comicios de 2021, por lo que ahora la gobernadora constitucional, Evelyn Salgado Pineda podr\u00eda convocar a una mesa de dialogo para retomar dichos acuerdos.<\/p>\n\n\n\n<p>Rosales Sierra se\u00f1al\u00f3 que se trata de acuerdos que se pueden realizar en el \u00e1mbito estatal, como el hecho de que a trav\u00e9s de Radio y Televisi\u00f3n de Guerrero (RTG), se coloquen spots de manera peri\u00f3dica, en el que se haga un llamamiento a la sociedad para que si alguien tiene informaci\u00f3n sobre el paradero de los j\u00f3venes, la aporte ante las instancias correspondientes.<\/p>\n\n\n\n<p>Tambi\u00e9n se hab\u00eda planteado la colocaci\u00f3n de anuncios espectaculares pagados por el Gobierno del Estado, con la misma petici\u00f3n de informaci\u00f3n y se hab\u00eda comentado la posibilidad de ofrecer una recompensa para quienes se animen a colaborar.<\/p>\n\n\n\n<p>Indic\u00f3 que en lo que se refiere a las b\u00fasquedas en terreno, como las que actualmente se desarrollan en Cocula, se deber\u00edan aportar recursos para la renta de maquinaria pesada y camiones de carga, para efecto de facilitar los trabajos.<\/p>\n\n\n\n<p>El abogado Rosales asegura que se trata de acuerdos que se pueden materializar, porque est\u00e1n completamente al alcance de las autoridades estatales y de ninguna manera implican un beneficio directo para el colectivo.<\/p>\n\n\n\n<p>Coment\u00f3 que hay otros planteamientos que ata\u00f1en a la Fiscal\u00eda General del Estado (FGE), pero esos no se pueden comentar p\u00fablicamente, por impactar en los trabajos de investigaci\u00f3n y por tratarse de un \u00f3rgano aut\u00f3nomo.<\/p>\n\n\n\n<p>Destac\u00f3 que se esperaba que una vez pasada la elecci\u00f3n, la instalada en el Poder, la gobernadora Evelyn Salgado Pineda pudiera darse por enterada de dichos acuerdos, ya que el acercamiento que hubo en Iguala fue p\u00fablico y se pudieran retomar los trabajos.<\/p>\n\n\n\n<p>A pesar de los hechos que se han registrado en los \u00faltimos d\u00edas, dijo que la posibilidad de retomar esos asuntos se encuentra abierta, por lo que es cuesti\u00f3n de que haya voluntad para ello.<\/p>\n","protected":false},"excerpt":{"rendered":"<p>&#8211; En materia de difusi\u00f3n sobre los trabajos de b\u00fasqueda, tras el acercamiento p\u00fablico que hubo durante la campa\u00f1a de proselitismo Rogelio Agust\u00edn El colectivo \u201cNos faltan 43\u201d solicit\u00f3 a&hellip; <\/p>\n","protected":false},"author":21,"featured_media":41052,"comment_status":"open","ping_status":"open","sticky":false,"template":"","format":"standard","meta":{"fifu_image_url":"","fifu_image_alt":"","footnotes":""},"categories":[15],"tags":[],"class_list":["post-41051","post","type-post","status-publish","format-standard","has-post-thumbnail","hentry","category-movimientos-sociales"],"_links":{"self":[{"href":"https:\/\/www.interaccionnoticias.com.mx\/index.php?rest_route=\/wp\/v2\/posts\/41051","targetHints":{"allow":["GET"]}}],"collection":[{"href":"https:\/\/www.interaccionnoticias.com.mx\/index.php?rest_route=\/wp\/v2\/posts"}],"about":[{"href":"https:\/\/www.interaccionnoticias.com.mx\/index.php?rest_route=\/wp\/v2\/types\/post"}],"author":[{"embeddable":true,"href":"https:\/\/www.interaccionnoticias.com.mx\/index.php?rest_route=\/wp\/v2\/users\/21"}],"replies":[{"embeddable":true,"href":"https:\/\/www.interaccionnoticias.com.mx\/index.php?rest_route=%2Fwp%2Fv2%2Fcomments&post=41051"}],"version-history":[{"count":1,"href":"https:\/\/www.interaccionnoticias.com.mx\/index.php?rest_route=\/wp\/v2\/posts\/41051\/revisions"}],"predecessor-version":[{"id":41053,"href":"https:\/\/www.interaccionnoticias.com.mx\/index.php?rest_route=\/wp\/v2\/posts\/41051\/revisions\/41053"}],"wp:featuredmedia":[{"embeddable":true,"href":"https:\/\/www.interaccionnoticias.com.mx\/index.php?rest_route=\/wp\/v2\/media\/41052"}],"wp:attachment":[{"href":"https:\/\/www.interaccionnoticias.com.mx\/index.php?rest_route=%2Fwp%2Fv2%2Fmedia&parent=41051"}],"wp:term":[{"taxonomy":"category","embeddable":true,"href":"https:\/\/www.interaccionnoticias.com.mx\/index.php?rest_route=%2Fwp%2Fv2%2Fcategories&post=41051"},{"taxonomy":"post_tag","embeddable":true,"href":"https:\/\/www.interaccionnoticias.com.mx\/index.php?rest_route=%2Fwp%2Fv2%2Ftags&post=41051"}],"curies":[{"name":"wp","href":"https:\/\/api.w.org\/{rel}","templated":true}]}}