{"id":41048,"date":"2022-02-02T18:51:23","date_gmt":"2022-02-03T00:51:23","guid":{"rendered":"https:\/\/interaccionnoticias.com.mx\/?p=41048"},"modified":"2022-02-02T18:51:27","modified_gmt":"2022-02-03T00:51:27","slug":"cetegistas-tomaron-las-oficinas-de-la-direccion-de-personal","status":"publish","type":"post","link":"https:\/\/www.interaccionnoticias.com.mx\/?p=41048","title":{"rendered":"Cetegistas tomaron las oficinas de la direcci\u00f3n de personal"},"content":{"rendered":"\n<p><strong><em>&#8211; Exigen nombramientos y prorrogas de contratos<\/em><\/strong><\/p>\n\n\n\n<p><strong>Rosario Garc\u00eda Orozco<\/strong><\/p>\n\n\n\n<p><strong>Chilpancingo, Gro., 2 de febrero del 2022.-<\/strong> Integrantes de la Coordinadora Estatal de Trabajadores de la Educaci\u00f3n (CETEG) protestaron en la Direcci\u00f3n de Desarrollo de Personal de la Secretar\u00eda de Educaci\u00f3n, demandan la inmediata entrega de 20 nombramientos y 15 pr\u00f3rrogas de contrato para igual n\u00famero de docentes, que han cubierto todos los requisitos para tener el beneficio.<\/p>\n\n\n\n<p>\u00c1ngel Manuel Dom\u00ednguez Zambrano, integrante de la direcci\u00f3n colectiva de la CETEG, inform\u00f3 que adem\u00e1s de estos nombramientos y pr\u00f3rrogas, se mantiene una mesa de di\u00e1logo con los directivos de la Secretaria de Educaci\u00f3n Guerrero (SEG) para tratar la incorporaci\u00f3n al Fondo de Aportaciones para la N\u00f3mina Educativa y Gasto Operativo (FONE) de sus compa\u00f1eros.<\/p>\n\n\n\n<p>Dijo que otro de los motivos de la protesta, es la exigencia del pago de est\u00edmulos que la SEG no ha pagado en tiempo y forma desde el a\u00f1o pasado, as\u00ed como adeudos a jubilados y pensionados.<\/p>\n\n\n\n<p>\u201cComo direcci\u00f3n de la CETEG digna, estamos luchando por el beneficio de toda la base magisterial, para que tengan los derechos que legalmente les corresponde y la autoridad asuma su responsabilidad como parte patronal\u201d dijo el cetegista.<\/p>\n\n\n\n<p>Agreg\u00f3 que en las mesas de trabajo tambi\u00e9n han puesto solicitado a las autoridades la atenci\u00f3n a diversos problemas de escuelas primarias y secundarias en las que se tienen conflictos internos y que no han resuelto, \u201cSon problemas que la autoridad tiene obligaci\u00f3n de atender y por eso estamos aqu\u00ed manifest\u00e1ndonos y exigiendo que las \u00e1reas operativas de la SEG trabajen como debe ser\u201d.<\/p>\n","protected":false},"excerpt":{"rendered":"<p>&#8211; Exigen nombramientos y prorrogas de contratos Rosario Garc\u00eda Orozco Chilpancingo, Gro., 2 de febrero del 2022.- Integrantes de la Coordinadora Estatal de Trabajadores de la Educaci\u00f3n (CETEG) protestaron en&hellip; <\/p>\n","protected":false},"author":14,"featured_media":41049,"comment_status":"open","ping_status":"open","sticky":false,"template":"","format":"standard","meta":{"fifu_image_url":"","fifu_image_alt":"","footnotes":""},"categories":[6],"tags":[],"class_list":["post-41048","post","type-post","status-publish","format-standard","has-post-thumbnail","hentry","category-educacion"],"_links":{"self":[{"href":"https:\/\/www.interaccionnoticias.com.mx\/index.php?rest_route=\/wp\/v2\/posts\/41048","targetHints":{"allow":["GET"]}}],"collection":[{"href":"https:\/\/www.interaccionnoticias.com.mx\/index.php?rest_route=\/wp\/v2\/posts"}],"about":[{"href":"https:\/\/www.interaccionnoticias.com.mx\/index.php?rest_route=\/wp\/v2\/types\/post"}],"author":[{"embeddable":true,"href":"https:\/\/www.interaccionnoticias.com.mx\/index.php?rest_route=\/wp\/v2\/users\/14"}],"replies":[{"embeddable":true,"href":"https:\/\/www.interaccionnoticias.com.mx\/index.php?rest_route=%2Fwp%2Fv2%2Fcomments&post=41048"}],"version-history":[{"count":1,"href":"https:\/\/www.interaccionnoticias.com.mx\/index.php?rest_route=\/wp\/v2\/posts\/41048\/revisions"}],"predecessor-version":[{"id":41050,"href":"https:\/\/www.interaccionnoticias.com.mx\/index.php?rest_route=\/wp\/v2\/posts\/41048\/revisions\/41050"}],"wp:featuredmedia":[{"embeddable":true,"href":"https:\/\/www.interaccionnoticias.com.mx\/index.php?rest_route=\/wp\/v2\/media\/41049"}],"wp:attachment":[{"href":"https:\/\/www.interaccionnoticias.com.mx\/index.php?rest_route=%2Fwp%2Fv2%2Fmedia&parent=41048"}],"wp:term":[{"taxonomy":"category","embeddable":true,"href":"https:\/\/www.interaccionnoticias.com.mx\/index.php?rest_route=%2Fwp%2Fv2%2Fcategories&post=41048"},{"taxonomy":"post_tag","embeddable":true,"href":"https:\/\/www.interaccionnoticias.com.mx\/index.php?rest_route=%2Fwp%2Fv2%2Ftags&post=41048"}],"curies":[{"name":"wp","href":"https:\/\/api.w.org\/{rel}","templated":true}]}}