{"id":41042,"date":"2022-02-02T17:50:13","date_gmt":"2022-02-02T23:50:13","guid":{"rendered":"https:\/\/interaccionnoticias.com.mx\/?p=41042"},"modified":"2022-02-02T17:50:18","modified_gmt":"2022-02-02T23:50:18","slug":"pide-el-pan-que-haya-audiencias-publicas-para-discutir-la-despenalizacion-del-aborto","status":"publish","type":"post","link":"https:\/\/www.interaccionnoticias.com.mx\/?p=41042","title":{"rendered":"Pide el PAN que haya audiencias p\u00fablicas para discutir la despenalizaci\u00f3n del aborto"},"content":{"rendered":"\n<p><strong><em>&#8211; Para que especialistas y grupos interesados puedan fijar postura<\/em><\/strong><\/p>\n\n\n\n<p><strong>Rogelio Agust\u00edn<\/strong><\/p>\n\n\n\n<p>La \u00fanica diputada del PAN en el Congreso de Guerrero, Alanelis Res\u00e9ndis Javier, solicit\u00f3 que la Comisi\u00f3n de Justicia motive la discusi\u00f3n p\u00fablica en torno a la despenalizaci\u00f3n del aborto, para efecto de que expertos en el tema puedan aportar sus opiniones y los grupos sociales interesados tambi\u00e9n puedan fijar postura al respecto.&nbsp;&nbsp;<\/p>\n\n\n\n<p>La propuesta fue planteada durante la sesi\u00f3n que la Comisi\u00f3n Permanente del Congreso realiz\u00f3 la jornada del mi\u00e9rcoles 2 de febrero.<\/p>\n\n\n\n<p>De inicio, la representante popular hizo referencia a la extra\u00f1a manera en que se retir\u00f3 el turno que originalmente se hab\u00eda emitido a la comisi\u00f3n de Salud, para efecto de que la reforma al C\u00f3digo Penal, en materia de interrupci\u00f3n del embarazo quedara solamente en manos de la Comisi\u00f3n de Justicia, que preside el diputado priista Jes\u00fas Parra Garc\u00eda.<\/p>\n\n\n\n<p>Explic\u00f3 que dada la importancia de la iniciativa, por su contenido y el impacto social que implica, es necesario que la iniciativa se socialice y se difunda, para que el pueblo conozca su contenido.<\/p>\n\n\n\n<p>Adem\u00e1s, dijo que se debe permitir la participaci\u00f3n de especialistas en el tema, de ah\u00ed que haya planteado la apertura de su discusi\u00f3n en calidad de vocal de la comisi\u00f3n de participaci\u00f3n ciudadana.<\/p>\n\n\n\n<p>En consecuencia, consider\u00f3 pertinente que se exhorte a la Comisi\u00f3n de Justicia para que durante el proceso de emisi\u00f3n de dictamen, convoque a una serie de audiencias publicas, con el fin de escuchar a especialistas en la materia del aborto, adem\u00e1s de los grupos de ciudadanos que requieran emitir opiniones sobre el tema.<\/p>\n\n\n\n<p>La propuesta fue turnada a la comisi\u00f3n de Justicia.<\/p>\n","protected":false},"excerpt":{"rendered":"<p>&#8211; Para que especialistas y grupos interesados puedan fijar postura Rogelio Agust\u00edn La \u00fanica diputada del PAN en el Congreso de Guerrero, Alanelis Res\u00e9ndis Javier, solicit\u00f3 que la Comisi\u00f3n de&hellip; <\/p>\n","protected":false},"author":21,"featured_media":41044,"comment_status":"open","ping_status":"open","sticky":false,"template":"","format":"standard","meta":{"fifu_image_url":"","fifu_image_alt":"","footnotes":""},"categories":[2],"tags":[],"class_list":["post-41042","post","type-post","status-publish","format-standard","has-post-thumbnail","hentry","category-congreso"],"_links":{"self":[{"href":"https:\/\/www.interaccionnoticias.com.mx\/index.php?rest_route=\/wp\/v2\/posts\/41042","targetHints":{"allow":["GET"]}}],"collection":[{"href":"https:\/\/www.interaccionnoticias.com.mx\/index.php?rest_route=\/wp\/v2\/posts"}],"about":[{"href":"https:\/\/www.interaccionnoticias.com.mx\/index.php?rest_route=\/wp\/v2\/types\/post"}],"author":[{"embeddable":true,"href":"https:\/\/www.interaccionnoticias.com.mx\/index.php?rest_route=\/wp\/v2\/users\/21"}],"replies":[{"embeddable":true,"href":"https:\/\/www.interaccionnoticias.com.mx\/index.php?rest_route=%2Fwp%2Fv2%2Fcomments&post=41042"}],"version-history":[{"count":1,"href":"https:\/\/www.interaccionnoticias.com.mx\/index.php?rest_route=\/wp\/v2\/posts\/41042\/revisions"}],"predecessor-version":[{"id":41045,"href":"https:\/\/www.interaccionnoticias.com.mx\/index.php?rest_route=\/wp\/v2\/posts\/41042\/revisions\/41045"}],"wp:featuredmedia":[{"embeddable":true,"href":"https:\/\/www.interaccionnoticias.com.mx\/index.php?rest_route=\/wp\/v2\/media\/41044"}],"wp:attachment":[{"href":"https:\/\/www.interaccionnoticias.com.mx\/index.php?rest_route=%2Fwp%2Fv2%2Fmedia&parent=41042"}],"wp:term":[{"taxonomy":"category","embeddable":true,"href":"https:\/\/www.interaccionnoticias.com.mx\/index.php?rest_route=%2Fwp%2Fv2%2Fcategories&post=41042"},{"taxonomy":"post_tag","embeddable":true,"href":"https:\/\/www.interaccionnoticias.com.mx\/index.php?rest_route=%2Fwp%2Fv2%2Ftags&post=41042"}],"curies":[{"name":"wp","href":"https:\/\/api.w.org\/{rel}","templated":true}]}}