{"id":41040,"date":"2022-02-02T14:48:27","date_gmt":"2022-02-02T20:48:27","guid":{"rendered":"https:\/\/interaccionnoticias.com.mx\/?p=41040"},"modified":"2022-02-02T14:48:32","modified_gmt":"2022-02-02T20:48:32","slug":"padres-de-los-43-denuncian-hostigamiento-por-parte-de-la-guardia-nacional-y-policias","status":"publish","type":"post","link":"https:\/\/www.interaccionnoticias.com.mx\/?p=41040","title":{"rendered":"Padres de los 43 denuncian hostigamiento por parte de la Guardia Nacional y polic\u00edas"},"content":{"rendered":"\n<p><strong><em>&#8211; Desde el 28 de enero, les impiden el derecho a la manifestaci\u00f3n, aseguran<\/em><\/strong><\/p>\n\n\n\n<p><strong>Jes\u00fas Dorantes<\/strong><\/p>\n\n\n\n<p><strong>Chilpancingo , Gro.- <\/strong>Integrantes del colectivo \u00abNo faltan 43\u00bb denunciaron que desde el pasado viernes 28 de enero, son perseguidos por personal como la Guardia Nacional y la Polic\u00eda del Estado, que les impiden ejercer su derecho a la libre manifestaci\u00f3n.<\/p>\n\n\n\n<p>La jornada del mi\u00e9rcoles 2 de febrero, Padres de los 43; estudiantes de la Normal Rural de Ayotzinapa, colectivos integrados por familiares de v\u00edctimas de desaparici\u00f3n forzada, as\u00ed como organizaciones sociales, marcharon en Chilpancingo por el 50 aniversario de la muerte del comandante Genaro V\u00e1zquez Rojas.<\/p>\n\n\n\n<p>En su intervenci\u00f3n, Meliton Ortega Jim\u00e9nez, padre y vocero del colectivo Nos Faltan 43, denunci\u00f3 que desde la protesta fallida en la caseta de Palo Blanco, el pasado viernes 28 de enero, son perseguidos por la Guardia Nacional y diferentes corporaciones, que no los dejan ejercer su derecho a la libre manifestaci\u00f3n.<\/p>\n\n\n\n<p>Dicha acci\u00f3n, destac\u00f3 que constituye una incongruencia por parte del gobierno federal que utiliza a 600 elementos de la Guardia Nacional para vigilar las casetas de la Autopista del Sol, pero no hacen nada para localizar a los responsables de la desaparici\u00f3n de sus hijos.<\/p>\n\n\n\n<p>Destac\u00f3 que la lucha social en Guerrero est\u00e1 recibiendo una afrenta directa, por lo que se tienen que reorganizar para evitar que se desactiven los movimientos sociales.<\/p>\n","protected":false},"excerpt":{"rendered":"<p>&#8211; Desde el 28 de enero, les impiden el derecho a la manifestaci\u00f3n, aseguran Jes\u00fas Dorantes Chilpancingo , Gro.- Integrantes del colectivo \u00abNo faltan 43\u00bb denunciaron que desde el pasado&hellip; <\/p>\n","protected":false},"author":8,"featured_media":41038,"comment_status":"open","ping_status":"open","sticky":false,"template":"","format":"standard","meta":{"fifu_image_url":"","fifu_image_alt":"","footnotes":""},"categories":[15],"tags":[],"class_list":["post-41040","post","type-post","status-publish","format-standard","has-post-thumbnail","hentry","category-movimientos-sociales"],"_links":{"self":[{"href":"https:\/\/www.interaccionnoticias.com.mx\/index.php?rest_route=\/wp\/v2\/posts\/41040","targetHints":{"allow":["GET"]}}],"collection":[{"href":"https:\/\/www.interaccionnoticias.com.mx\/index.php?rest_route=\/wp\/v2\/posts"}],"about":[{"href":"https:\/\/www.interaccionnoticias.com.mx\/index.php?rest_route=\/wp\/v2\/types\/post"}],"author":[{"embeddable":true,"href":"https:\/\/www.interaccionnoticias.com.mx\/index.php?rest_route=\/wp\/v2\/users\/8"}],"replies":[{"embeddable":true,"href":"https:\/\/www.interaccionnoticias.com.mx\/index.php?rest_route=%2Fwp%2Fv2%2Fcomments&post=41040"}],"version-history":[{"count":1,"href":"https:\/\/www.interaccionnoticias.com.mx\/index.php?rest_route=\/wp\/v2\/posts\/41040\/revisions"}],"predecessor-version":[{"id":41041,"href":"https:\/\/www.interaccionnoticias.com.mx\/index.php?rest_route=\/wp\/v2\/posts\/41040\/revisions\/41041"}],"wp:featuredmedia":[{"embeddable":true,"href":"https:\/\/www.interaccionnoticias.com.mx\/index.php?rest_route=\/wp\/v2\/media\/41038"}],"wp:attachment":[{"href":"https:\/\/www.interaccionnoticias.com.mx\/index.php?rest_route=%2Fwp%2Fv2%2Fmedia&parent=41040"}],"wp:term":[{"taxonomy":"category","embeddable":true,"href":"https:\/\/www.interaccionnoticias.com.mx\/index.php?rest_route=%2Fwp%2Fv2%2Fcategories&post=41040"},{"taxonomy":"post_tag","embeddable":true,"href":"https:\/\/www.interaccionnoticias.com.mx\/index.php?rest_route=%2Fwp%2Fv2%2Ftags&post=41040"}],"curies":[{"name":"wp","href":"https:\/\/api.w.org\/{rel}","templated":true}]}}