{"id":41036,"date":"2022-02-02T14:40:54","date_gmt":"2022-02-02T20:40:54","guid":{"rendered":"https:\/\/interaccionnoticias.com.mx\/?p=41036"},"modified":"2022-02-02T14:40:59","modified_gmt":"2022-02-02T20:40:59","slug":"acusan-a-la-jucopo-de-aplicar-mordaza-en-el-tema-de-los-nombramientos-irregulares-en-la-auditoria-superior","status":"publish","type":"post","link":"https:\/\/www.interaccionnoticias.com.mx\/?p=41036","title":{"rendered":"Acusan a la Jucopo de aplicar \u201cmordaza\u201d en el tema de los nombramientos irregulares en la Auditor\u00eda Superior"},"content":{"rendered":"\n<p><strong><em>&#8211; La priista Alicia Zamora pretend\u00eda llamar a comparecer a la encargada de despacho, pero en la Conferencia se lo impidieron<\/em><\/strong><\/p>\n\n\n\n<p><strong>Rogelio Agust\u00edn<\/strong><\/p>\n\n\n\n<p>La diputada local del PRI, Alicia Zamora Villaba denunci\u00f3 que al seno de la Junta de Coordinaci\u00f3n Pol\u00edtica (Jucopo) se aplica la \u201cley mordaza\u201d a quienes pretenden llevar a cuantas a la encargada de despacho de la Auditor\u00eda Superior del Estado (ASE), Natividad P\u00e9rez Guinto, por el tema de los nombramientos irregulares que ha emitido en los \u00faltimos d\u00edas.<\/p>\n\n\n\n<p>Zamora Villalba estuvo en la reuni\u00f3n de Conferencia, en la que se acord\u00f3 la Orden del D\u00eda que se desahogar\u00eda en la sesi\u00f3n de la Comisi\u00f3n Permanente de este mi\u00e9rcoles 2 de febrero, en representaci\u00f3n de su coordinador de fracci\u00f3n, el priista H\u00e9ctor Apreza Patr\u00f3n.<\/p>\n\n\n\n<p>Pretend\u00eda que se incluyera un punto de acuerdo ante la se que se llamara a comparecer ante la Comisi\u00f3n de Vigilancia a la encargada de despacho de la Auditor\u00eda Superior del Estado (ASE), Natividad P\u00e9rez Guinto.<\/p>\n\n\n\n<p>En dicha reuni\u00f3n, se pedir\u00eda una explicaci\u00f3n relacionada con los nombramientos que se han emitido a favor de tres auditores especiales y por lo menos dos directores generales, completamente fuera del marco legal.<\/p>\n\n\n\n<p>La respuesta fue negativa, pues se le dijo que el tema de la Auditor\u00eda ser\u00eda desahogado en una reuni\u00f3n que se desarrollar\u00eda en la Junta de Coordinaci\u00f3n Pol\u00edtica (Jucopo).<\/p>\n\n\n\n<p>Ya en la sesi\u00f3n, cuando los trabajos arrancaban, la diputada Zamora solicit\u00f3 la palabra para denunciatr lo sucedido.<\/p>\n\n\n\n<p>\u201cDeseo presidenta (Flor A\u00f1orve), que conste en actas y que se enteren tambi\u00e9n aquellos que nos siguen a trav\u00e9s de las redes sociales o los medios de comunicaci\u00f3n, que en la conferencia que se celebr\u00f3 hace un momento, de la que usted forma parte, juntamente con coordinadores de las diferentes fracciones y representaciones de partido, que determinaron por mayor\u00eda -lo que violenta los derechos que tengo como diputada para poder hacer uso de la palabra-, por no permitirme presentar ante la Comisi\u00f3n Permanente un punto de acuerdo\u201d.<\/p>\n\n\n\n<p>En el acuerdo, la diputada Zamora ped\u00eda que se llamara a la encargada de la ASE a una reuni\u00f3n de trabajo ante la Comisi\u00f3n de Vigilancia, para que explique lo relacionado con el nombramiento de tres auditores especiales y dos directores generales.<\/p>\n\n\n\n<p>La emisi\u00f3n de dichos nombramientos, dijo que deja muy claro que la funcionaria se extralimita en el ejercicio de sus atribuciones.<\/p>\n\n\n\n<p>\u201cDeseo que quede debidamente establecido, que fue absolutamente ilegal el acto que estableci\u00f3 la conferencia, de negarle el derecho a un diputado de hacer uso de la palabra\u201d, anot\u00f3.<\/p>\n\n\n\n<p>Indic\u00f3 que de acuerdo al marco legal vigente, ni la Jucopo, ni la conferencia pueden impedir que cualquier integrante del Poder Legislativo haga uso de la palabra en tribuna para plantear un punto de acuerdo o presentar una iniciativa.<\/p>\n\n\n\n<p>En este caso, refiri\u00f3 que pretend\u00eda que se llamara a comparecer a la encargada de la ASE ante la comisi\u00f3n pertinente, en la que ella funge como vocal, pero en la junta de la conferencia se le coart\u00f3 dicha libertad.<\/p>\n\n\n\n<p>\u201cEl argumento fue que la auditora o encargada o la suplente, yo no se quien sea, va a comparecer a la Junta de Coordinaci\u00f3n Pol\u00edtica, no ante la Comisi\u00f3n de Vigilancia\u201d, destac\u00f3.<\/p>\n\n\n\n<p>Acus\u00f3: \u201cMi argumento fue, se\u00f1oras y se\u00f1ores diputados est\u00e1n extralimitando sus funciones, puesto que la ley 468, en su art\u00edculo 105, dice que la Comisi\u00f3n de Vigilancia, vigilar\u00e1 que la titular de la Auditoria Superior del Estado, los auditores especiales y los dem\u00e1s servidores p\u00fablicos de la Auditor\u00eda, se sujeten a lo establecido en la Ley General de Responsabilidades administrativas, es decir, presidenta es decir compa\u00f1eras, y compa\u00f1eros diputados que la propia conferencia, extralimit\u00e1ndose de sus funciones\u201d.<\/p>\n\n\n\n<p>Manifest\u00f3 que no est\u00e1 de acuerdo en que comparecencia o la reuni\u00f3n de trabajo con la encargada de la ASE, se realice ante la JUCOPO, puesto que para eso existe una Comisi\u00f3n de Vigilancia y Evaluaci\u00f3n, que tiene las facultades expresas para ella.<\/p>\n\n\n\n<p>En los hechos, refiri\u00f3 que se le aplic\u00f3 una mordaza para evitar que tratara el tema p\u00fablicamente, lo que constituye un acto muy grave de censura el seno del Poder Legislativo.<\/p>\n","protected":false},"excerpt":{"rendered":"<p>&#8211; La priista Alicia Zamora pretend\u00eda llamar a comparecer a la encargada de despacho, pero en la Conferencia se lo impidieron Rogelio Agust\u00edn La diputada local del PRI, Alicia Zamora&hellip; <\/p>\n","protected":false},"author":21,"featured_media":41037,"comment_status":"open","ping_status":"open","sticky":false,"template":"","format":"standard","meta":{"fifu_image_url":"","fifu_image_alt":"","footnotes":""},"categories":[2],"tags":[],"class_list":["post-41036","post","type-post","status-publish","format-standard","has-post-thumbnail","hentry","category-congreso"],"_links":{"self":[{"href":"https:\/\/www.interaccionnoticias.com.mx\/index.php?rest_route=\/wp\/v2\/posts\/41036","targetHints":{"allow":["GET"]}}],"collection":[{"href":"https:\/\/www.interaccionnoticias.com.mx\/index.php?rest_route=\/wp\/v2\/posts"}],"about":[{"href":"https:\/\/www.interaccionnoticias.com.mx\/index.php?rest_route=\/wp\/v2\/types\/post"}],"author":[{"embeddable":true,"href":"https:\/\/www.interaccionnoticias.com.mx\/index.php?rest_route=\/wp\/v2\/users\/21"}],"replies":[{"embeddable":true,"href":"https:\/\/www.interaccionnoticias.com.mx\/index.php?rest_route=%2Fwp%2Fv2%2Fcomments&post=41036"}],"version-history":[{"count":1,"href":"https:\/\/www.interaccionnoticias.com.mx\/index.php?rest_route=\/wp\/v2\/posts\/41036\/revisions"}],"predecessor-version":[{"id":41039,"href":"https:\/\/www.interaccionnoticias.com.mx\/index.php?rest_route=\/wp\/v2\/posts\/41036\/revisions\/41039"}],"wp:featuredmedia":[{"embeddable":true,"href":"https:\/\/www.interaccionnoticias.com.mx\/index.php?rest_route=\/wp\/v2\/media\/41037"}],"wp:attachment":[{"href":"https:\/\/www.interaccionnoticias.com.mx\/index.php?rest_route=%2Fwp%2Fv2%2Fmedia&parent=41036"}],"wp:term":[{"taxonomy":"category","embeddable":true,"href":"https:\/\/www.interaccionnoticias.com.mx\/index.php?rest_route=%2Fwp%2Fv2%2Fcategories&post=41036"},{"taxonomy":"post_tag","embeddable":true,"href":"https:\/\/www.interaccionnoticias.com.mx\/index.php?rest_route=%2Fwp%2Fv2%2Ftags&post=41036"}],"curies":[{"name":"wp","href":"https:\/\/api.w.org\/{rel}","templated":true}]}}