{"id":41011,"date":"2022-02-01T19:45:13","date_gmt":"2022-02-02T01:45:13","guid":{"rendered":"https:\/\/interaccionnoticias.com.mx\/?p=41011"},"modified":"2022-02-01T19:45:17","modified_gmt":"2022-02-02T01:45:17","slug":"la-diputada-flor-anorve-considero-que-la-vigilancia-en-las-casetas-debio-realizarse-desde-hace-mucho-tiempo","status":"publish","type":"post","link":"https:\/\/www.interaccionnoticias.com.mx\/?p=41011","title":{"rendered":"La diputada Flor A\u00f1orve consider\u00f3 que la vigilancia en las casetas debi\u00f3 realizarse desde hace mucho tiempo"},"content":{"rendered":"\n<p><strong>Rosario Garc\u00eda Orozco<\/strong><\/p>\n\n\n\n<p><strong>Chilpancingo, Gro., 1 de febrero del 2022.-<\/strong> La presidenta de la Mesa Directiva del Congreso local, Flor A\u00f1orve Ocampo, opin\u00f3 que la vigilancia y resguardo policiaco de las casetas de peaje de la Autopista del Sol debi\u00f3 realizarse desde hace mucho tiempo, para hacer valer la ley siempre.<\/p>\n\n\n\n<p>Reconoci\u00f3 que todos los mexicanos tienen derecho a protestar, \u00abpero a veces el asunto es hasta d\u00f3nde llega el derecho legal de algunos, y las afectaciones a los derechos de otros\u201d.<\/p>\n\n\n\n<p>Cabe recordar que el pasado viernes, estudiantes de la escuela normal rural de Ayotzinapa, y padres de los 43 estudiantes desaparecidos desde el 26 de septiembre del 2014, pretendieron tomar la caseta de Palo Blanco, como lo han hecho desde hace unos 3 a\u00f1os en dos o tres ocasiones por semana, pero elementos de la Guardia Nacional y de la Polic\u00eda Estatal se los impidieron.<\/p>\n\n\n\n<p>Posteriormente, la Comisi\u00f3n Nacional de Derechos Humanos reclam\u00f3 la postura asumida por oficiales estatales y federales, al no permitir la toma de la caseta por parte de los activistas; al respecto A\u00f1orve Ocampo evadi\u00f3 fijar una postura, pero si mencion\u00f3 que \u201cla ley es clara, que se debe tomar acciones y mencion\u00f3 que en muchas ocasiones cuando los j\u00f3venes toman esas casetas arriesgan sus vidas, ya lo hemos vivido en otras ocasiones, sobre todo aqu\u00ed en Chilpancingo. Ser\u00e1n las instancias correspondientes las que regulen esta situaci\u00f3n\u201d.<\/p>\n\n\n\n<p>Por otro lado, y sobre el procedimiento para el nombramiento del titular de la Auditor\u00eda Superior del Estado (ASE), Flor A\u00f1orve consider\u00f3 que \u201cseguramente se va a lanzar una nueva convocatoria, ya que no podemos ponernos de acuerdo en la anterior\u201d, postura en la que han coincidido varios legisladores, sin que se llegue a un acuerdo ni se han fijado fechas para continuar con ese proceso, pero que se\u00f1alan permitir\u00e1 que conozcan las propuestas que presente la totalidad de los aspirantes y ahora si las conozcan los integrantes de la 63 legislatura.<\/p>\n\n\n\n<p>Esa determinaci\u00f3n le corresponde a la Junta de Coordinaci\u00f3n Pol\u00edtica, mencion\u00f3 la legisladora priista, \u00abpuesto que hay otros diputados que se pronuncian por presentar al pleno una nueva terna de la lista de aspirantes inscritos que dej\u00f3 la 62 Legislatura\u00bb, en lo que, insisti\u00f3, no se ha llegado a un acuerdo.<\/p>\n","protected":false},"excerpt":{"rendered":"<p>Rosario Garc\u00eda Orozco Chilpancingo, Gro., 1 de febrero del 2022.- La presidenta de la Mesa Directiva del Congreso local, Flor A\u00f1orve Ocampo, opin\u00f3 que la vigilancia y resguardo policiaco de&hellip; <\/p>\n","protected":false},"author":14,"featured_media":41003,"comment_status":"open","ping_status":"open","sticky":false,"template":"","format":"standard","meta":{"fifu_image_url":"","fifu_image_alt":"","footnotes":""},"categories":[2],"tags":[],"class_list":["post-41011","post","type-post","status-publish","format-standard","has-post-thumbnail","hentry","category-congreso"],"_links":{"self":[{"href":"https:\/\/www.interaccionnoticias.com.mx\/index.php?rest_route=\/wp\/v2\/posts\/41011","targetHints":{"allow":["GET"]}}],"collection":[{"href":"https:\/\/www.interaccionnoticias.com.mx\/index.php?rest_route=\/wp\/v2\/posts"}],"about":[{"href":"https:\/\/www.interaccionnoticias.com.mx\/index.php?rest_route=\/wp\/v2\/types\/post"}],"author":[{"embeddable":true,"href":"https:\/\/www.interaccionnoticias.com.mx\/index.php?rest_route=\/wp\/v2\/users\/14"}],"replies":[{"embeddable":true,"href":"https:\/\/www.interaccionnoticias.com.mx\/index.php?rest_route=%2Fwp%2Fv2%2Fcomments&post=41011"}],"version-history":[{"count":1,"href":"https:\/\/www.interaccionnoticias.com.mx\/index.php?rest_route=\/wp\/v2\/posts\/41011\/revisions"}],"predecessor-version":[{"id":41012,"href":"https:\/\/www.interaccionnoticias.com.mx\/index.php?rest_route=\/wp\/v2\/posts\/41011\/revisions\/41012"}],"wp:featuredmedia":[{"embeddable":true,"href":"https:\/\/www.interaccionnoticias.com.mx\/index.php?rest_route=\/wp\/v2\/media\/41003"}],"wp:attachment":[{"href":"https:\/\/www.interaccionnoticias.com.mx\/index.php?rest_route=%2Fwp%2Fv2%2Fmedia&parent=41011"}],"wp:term":[{"taxonomy":"category","embeddable":true,"href":"https:\/\/www.interaccionnoticias.com.mx\/index.php?rest_route=%2Fwp%2Fv2%2Fcategories&post=41011"},{"taxonomy":"post_tag","embeddable":true,"href":"https:\/\/www.interaccionnoticias.com.mx\/index.php?rest_route=%2Fwp%2Fv2%2Ftags&post=41011"}],"curies":[{"name":"wp","href":"https:\/\/api.w.org\/{rel}","templated":true}]}}