{"id":41002,"date":"2022-02-01T19:37:57","date_gmt":"2022-02-02T01:37:57","guid":{"rendered":"https:\/\/interaccionnoticias.com.mx\/?p=41002"},"modified":"2022-02-01T19:38:01","modified_gmt":"2022-02-02T01:38:01","slug":"yo-estoy-en-el-pri-aclara-mario-moreno-arcos","status":"publish","type":"post","link":"https:\/\/www.interaccionnoticias.com.mx\/?p=41002","title":{"rendered":"\u201cYo estoy en el PRI\u201d, aclara Mario Moreno Arcos"},"content":{"rendered":"\n<p><strong><em>&#8211; Con su aspiraci\u00f3n a la dirigencia, se\u00f1ala que no intenta \u201cpresionar ni chantajear\u201d a nadie<br>&#8211; Niega que su permanencia dependa del resultado del proceso para elegir dirigentes<\/em><\/strong><\/p>\n\n\n\n<p><strong>Rogelio Agust\u00edn<\/strong><\/p>\n\n\n\n<p>\u201cYo estoy luchando por la dirigencia del partido; estoy en el PRI y voy a permanecer en el PRI\u201d, dijo el ex candidato a la gubernatura, Mario Moreno Arcos, al negar que su permanencia en dicho instituto pol\u00edtico dependa del desenlace que tenga el proceso de definici\u00f3n de la nueva dirigencia del partido.<\/p>\n\n\n\n<p>Sin embargo, el dos veces alcalde de Chilpancingo indic\u00f3 que la Asamblea de Consejeros, m\u00e9todo aprobado por la Comisi\u00f3n Pol\u00edtica Permanente (CPP) para elegir a la nueva dirigencia estatal, no garantiza la igualdad de oportunidades para quienes pretendan competir.<\/p>\n\n\n\n<p>Moreno Arcos inform\u00f3 que ya super\u00f3 el contagio de Covid-19, pues en la prueba que se realiz\u00f3 este martes 1 de febrero tuvo un resultado negativo.<\/p>\n\n\n\n<p>Acto seguido, indic\u00f3 que se encuentra a la espera de que el Comit\u00e9 Ejecutivo Nacional (CEN) emita la convocatoria correspondiente para definir si compite.<\/p>\n\n\n\n<p>Al calificar como lamentable la renuncia su la militancia en el tricolor de Javier Taja Ram\u00edrez, ex director de la Comisi\u00f3n de Infraestructura Carretera y Aeroportuaria del Estado de Guerrero (CICAEG), Moreno Arcos consider\u00f3 oportuno que la dirigencia actual, realice todas las acciones encaminadas a evitar m\u00e1s situaciones de esta naturaleza.<\/p>\n\n\n\n<p>Desde ahora, precis\u00f3 que su permanencia en el partido no depende del desenlace que tenga la coyuntura encaminada a renovar a la dirigencia.<\/p>\n\n\n\n<p>Indic\u00f3 que a pesar de que la CPP ya aprob\u00f3 un mecanismo para elegir a la nueva dirigencia, el Comit\u00e9 Ejecutivo Nacional (CEN) puede emitir la convocatoria con una modificaci\u00f3n sustancial.<\/p>\n\n\n\n<p>\u201cYo estoy a la espera de la convocatoria, la convocatoria me dir\u00e1 si tengo posibilidades o si mejor ah\u00ed lo dejamos\u201d, anot\u00f3.<\/p>\n\n\n\n<p>Explic\u00f3 que de confirmarse que la elecci\u00f3n se desarrollar\u00e1 v\u00eda Consejo Pol\u00edtico, es probable que haya ya una l\u00ednea y que en esas condiciones, \u201cno tendr\u00eda caso exponerse\u201d.<\/p>\n\n\n\n<p>El procedimiento m\u00e1s acorde, de acuerdo con el ex candidato a gobernador, ser\u00eda una Asamblea Ampliada, en la que intervendr\u00edan tambi\u00e9n los consejos pol\u00edticos municipales, que es otro mecanismo considerado en los estatutos.<\/p>\n\n\n\n<p>A pregunta expresa, desestim\u00f3 la posibilidad de pedir una consulta directa a las bases: \u201cEs muy dif\u00edcil, por el costo y todo, resulta complicado\u201d.<\/p>\n\n\n\n<p>En la parte final de la entrevista, se pregunt\u00f3 a Moreno Arcos respecto a la posibilidad de que su permanencia en el PRI dependa del resultado de la elecci\u00f3n de dirigentes, ante lo que respondi\u00f3 de inmediato.<\/p>\n\n\n\n<p>\u201cNo, yo estoy luchando por la dirigencia del partido, no estoy tratando de presionar ni de chantajear a nadie con ese tema\u201d.<\/p>\n\n\n\n<p>Y puntualiz\u00f3: \u201cYo estoy en el PRI y voy a dar la batalla en el PRI\u201d.<\/p>\n","protected":false},"excerpt":{"rendered":"<p>&#8211; Con su aspiraci\u00f3n a la dirigencia, se\u00f1ala que no intenta \u201cpresionar ni chantajear\u201d a nadie&#8211; Niega que su permanencia dependa del resultado del proceso para elegir dirigentes Rogelio Agust\u00edn&hellip; <\/p>\n","protected":false},"author":21,"featured_media":41009,"comment_status":"open","ping_status":"open","sticky":false,"template":"","format":"standard","meta":{"fifu_image_url":"","fifu_image_alt":"","footnotes":""},"categories":[18],"tags":[],"class_list":["post-41002","post","type-post","status-publish","format-standard","has-post-thumbnail","hentry","category-partidos-politicos"],"_links":{"self":[{"href":"https:\/\/www.interaccionnoticias.com.mx\/index.php?rest_route=\/wp\/v2\/posts\/41002","targetHints":{"allow":["GET"]}}],"collection":[{"href":"https:\/\/www.interaccionnoticias.com.mx\/index.php?rest_route=\/wp\/v2\/posts"}],"about":[{"href":"https:\/\/www.interaccionnoticias.com.mx\/index.php?rest_route=\/wp\/v2\/types\/post"}],"author":[{"embeddable":true,"href":"https:\/\/www.interaccionnoticias.com.mx\/index.php?rest_route=\/wp\/v2\/users\/21"}],"replies":[{"embeddable":true,"href":"https:\/\/www.interaccionnoticias.com.mx\/index.php?rest_route=%2Fwp%2Fv2%2Fcomments&post=41002"}],"version-history":[{"count":1,"href":"https:\/\/www.interaccionnoticias.com.mx\/index.php?rest_route=\/wp\/v2\/posts\/41002\/revisions"}],"predecessor-version":[{"id":41010,"href":"https:\/\/www.interaccionnoticias.com.mx\/index.php?rest_route=\/wp\/v2\/posts\/41002\/revisions\/41010"}],"wp:featuredmedia":[{"embeddable":true,"href":"https:\/\/www.interaccionnoticias.com.mx\/index.php?rest_route=\/wp\/v2\/media\/41009"}],"wp:attachment":[{"href":"https:\/\/www.interaccionnoticias.com.mx\/index.php?rest_route=%2Fwp%2Fv2%2Fmedia&parent=41002"}],"wp:term":[{"taxonomy":"category","embeddable":true,"href":"https:\/\/www.interaccionnoticias.com.mx\/index.php?rest_route=%2Fwp%2Fv2%2Fcategories&post=41002"},{"taxonomy":"post_tag","embeddable":true,"href":"https:\/\/www.interaccionnoticias.com.mx\/index.php?rest_route=%2Fwp%2Fv2%2Ftags&post=41002"}],"curies":[{"name":"wp","href":"https:\/\/api.w.org\/{rel}","templated":true}]}}