{"id":40955,"date":"2022-01-31T20:13:06","date_gmt":"2022-02-01T02:13:06","guid":{"rendered":"https:\/\/interaccionnoticias.com.mx\/?p=40955"},"modified":"2022-01-31T20:13:10","modified_gmt":"2022-02-01T02:13:10","slug":"vidulfo-el-movimiento-de-los-padres-de-los-43-va-a-continuar","status":"publish","type":"post","link":"https:\/\/www.interaccionnoticias.com.mx\/?p=40955","title":{"rendered":"Vidulfo: \u201cEl movimiento de los padres de los 43 va a continuar\u201d"},"content":{"rendered":"\n<p><strong><em>&#8211; A pesar de la vigilancia de la polic\u00eda y Guardia Nacional en la Autopista del Sol<\/em><\/strong><\/p>\n\n\n\n<p><strong>Rogelio Agust\u00edn<\/strong><\/p>\n\n\n\n<p>El abogado de los padres de los 43, Vidulfo Rosales Sierra anticip\u00f3 que a pesar de la presencia de Guardia Nacional y la Polic\u00eda del Estado en las casetas de peaje de la Autopista del Sol, las actividades de protesta van a continuar en Guerrero y diferentes partes del pa\u00eds.<\/p>\n\n\n\n<p>Rosales Sierra sostuvo que la determinaci\u00f3n de impedir la toma de casetas, tiene su origen en una reforma a la ley de V\u00edas Generales de Comunicaci\u00f3n que se aprob\u00f3 en diciembre pasada, la cual indic\u00f3, tiene un car\u00e1cter punitivo y tiene como objetivo criminalizar al movimiento social.<\/p>\n\n\n\n<p>Sin embargo, se\u00f1al\u00f3 que los integrantes del colectivo \u201cNos Faltan 43\u201d tienen resuelto seguir adelante con la movilizaci\u00f3n en diferentes puntos del estado y del pa\u00eds.<\/p>\n\n\n\n<p>A tres d\u00edas del despliegue en las casetas de peaje, dijo que hasta el momento no se ha generado una mesa de dialogo con el Gobierno de Guerrero.<\/p>\n\n\n\n<p>Sin embargo, destac\u00f3 que la posici\u00f3n de los padres es muy clara: \u201cLos derechos no se dialogan, no son motivo de negociaci\u00f3n, es motivo de su ejercicio y las autoridades deben de garantizar esos derechos\u201d.<\/p>\n\n\n\n<p>Explic\u00f3 que la toma de casetas no trastoca la libre circulaci\u00f3n de las personas, pues las unidades de carga pasan sin tener complicaciones y no se pone en riesgo el orden p\u00fablico.<\/p>\n\n\n\n<p>\u201cLo cierto es que con la toma de casetas no se trastoca la seguridad nacional, no se afectan los derechos de terceros y existe una gran mentira, que es el hecho de que al ya no tomar las casetas habr\u00e1 un mayor flujo de turismo\u201d, anot\u00f3.<\/p>\n\n\n\n<p>Una prueba de que la afluencia de visitantes no se ha visto afectada por la ocupaci\u00f3n de las casetas, es el hecho de que en cada temporada, el Gobierno de Guerrero reporta altos indicadores de ocupaci\u00f3n hotelera.<\/p>\n\n\n\n<p>Reconoci\u00f3 que lo que s\u00ed se genera, es una merma a los ingresos de Caminos y Puentes Federales (Capufe), porque se toman los m\u00f3dulos de cobro y se pide la cooperaci\u00f3n voluntaria a los automovilistas, la cual se utiliza para financiar el traslado y la alimentaci\u00f3n de los padres de los 43, que siguen buscando a sus hijos porque las autoridades no los han encontrado.<\/p>\n\n\n\n<p>En todo caso, reproch\u00f3 que haya un doble rasero, pues mientras a los estudiantes y los padres de los 43 se les genera un despliegue con toda la fuerza del Estado, a los grupos del crimen organizado no se les toca.<\/p>\n\n\n\n<p>\u201cEs evidente que contra la protesta social va toda la fuerza, pero por el otro lado hay un gran vac\u00edo, lo que no es congruente cuando se tiene enfrente un gobierno que se dice emanado de la izquierda\u201d, anot\u00f3.<\/p>\n\n\n\n<p>Reproch\u00f3: \u201cMuchos de los que hoy son gobierno estuvieron en los movimientos de protesta en a\u00f1os pasados, hoy que llegan al poder asumen actitudes autoritarias\u201d.<\/p>\n\n\n\n<p>Por esa raz\u00f3n, indic\u00f3 que lo que se hace es muy grave, de tal manera que el movimiento va a continuar, \u201clas protestas van a seguir porque hay una raz\u00f3n, es un hecho deleznable que marc\u00f3 un antes y un despu\u00e9s para el estado de Guerrero y el pa\u00eds\u201d.<\/p>\n","protected":false},"excerpt":{"rendered":"<p>&#8211; A pesar de la vigilancia de la polic\u00eda y Guardia Nacional en la Autopista del Sol Rogelio Agust\u00edn El abogado de los padres de los 43, Vidulfo Rosales Sierra&hellip; <\/p>\n","protected":false},"author":21,"featured_media":40956,"comment_status":"open","ping_status":"open","sticky":false,"template":"","format":"standard","meta":{"fifu_image_url":"","fifu_image_alt":"","footnotes":""},"categories":[15],"tags":[],"class_list":["post-40955","post","type-post","status-publish","format-standard","has-post-thumbnail","hentry","category-movimientos-sociales"],"_links":{"self":[{"href":"https:\/\/www.interaccionnoticias.com.mx\/index.php?rest_route=\/wp\/v2\/posts\/40955","targetHints":{"allow":["GET"]}}],"collection":[{"href":"https:\/\/www.interaccionnoticias.com.mx\/index.php?rest_route=\/wp\/v2\/posts"}],"about":[{"href":"https:\/\/www.interaccionnoticias.com.mx\/index.php?rest_route=\/wp\/v2\/types\/post"}],"author":[{"embeddable":true,"href":"https:\/\/www.interaccionnoticias.com.mx\/index.php?rest_route=\/wp\/v2\/users\/21"}],"replies":[{"embeddable":true,"href":"https:\/\/www.interaccionnoticias.com.mx\/index.php?rest_route=%2Fwp%2Fv2%2Fcomments&post=40955"}],"version-history":[{"count":1,"href":"https:\/\/www.interaccionnoticias.com.mx\/index.php?rest_route=\/wp\/v2\/posts\/40955\/revisions"}],"predecessor-version":[{"id":40957,"href":"https:\/\/www.interaccionnoticias.com.mx\/index.php?rest_route=\/wp\/v2\/posts\/40955\/revisions\/40957"}],"wp:featuredmedia":[{"embeddable":true,"href":"https:\/\/www.interaccionnoticias.com.mx\/index.php?rest_route=\/wp\/v2\/media\/40956"}],"wp:attachment":[{"href":"https:\/\/www.interaccionnoticias.com.mx\/index.php?rest_route=%2Fwp%2Fv2%2Fmedia&parent=40955"}],"wp:term":[{"taxonomy":"category","embeddable":true,"href":"https:\/\/www.interaccionnoticias.com.mx\/index.php?rest_route=%2Fwp%2Fv2%2Fcategories&post=40955"},{"taxonomy":"post_tag","embeddable":true,"href":"https:\/\/www.interaccionnoticias.com.mx\/index.php?rest_route=%2Fwp%2Fv2%2Ftags&post=40955"}],"curies":[{"name":"wp","href":"https:\/\/api.w.org\/{rel}","templated":true}]}}