{"id":40939,"date":"2022-01-31T19:25:04","date_gmt":"2022-02-01T01:25:04","guid":{"rendered":"https:\/\/interaccionnoticias.com.mx\/?p=40939"},"modified":"2022-01-31T19:25:08","modified_gmt":"2022-02-01T01:25:08","slug":"lider-del-congreso-justifica-el-resguardo-en-las-casetas-de-peaje-de-la-autopista-del-sol","status":"publish","type":"post","link":"https:\/\/www.interaccionnoticias.com.mx\/?p=40939","title":{"rendered":"L\u00edder del Congreso justifica el resguardo en las casetas de peaje de la Autopista del Sol"},"content":{"rendered":"\n<p><strong><em>&#8211; \u201cComenz\u00f3 con los estudiantes y padres de los 43, pero ya hab\u00eda otros grupos que sacaban provecho\u201d, sostiene Alfredo S\u00e1nchez Esquivel<br>&#8211; Pide que se busquen mecanismos m\u00e1s efectivos de lucha<\/em><\/strong><\/p>\n\n\n\n<p><strong>Rogelio Agust\u00edn<\/strong><\/p>\n\n\n\n<p>El presidente de la Junta de Coordinaci\u00f3n Pol\u00edtica (Jucopo) del Congreso local, Alfredo S\u00e1nchez Esquivel justific\u00f3 la determinaci\u00f3n de impedir que padres de los 43, as\u00ed como estudiantes de la Normal Rural de Ayotzinapa tomen bajo su control las casetas de peaje de la Autopista del Sol.<\/p>\n\n\n\n<p>Desde el viernes 28 de enero, personal de la Guardia Nacional (GN), as\u00ed como de la Polic\u00eda del Estado se desplegaron para evitar que los integrantes del colectivo \u201cNos Faltan 43\u201d, junto con estudiantes de la Normal Rural tomaran las casetas de peaje de Palo Blanco y La Venta, la primera ubicada en Chilpancingo y la segunda en Acapulco.<\/p>\n\n\n\n<p>Para el fin de semana, el despliegue se ampli\u00f3 hacia la caseta de Paso Morelos y en la autopista Iguala-Cuernavaca, lo que propici\u00f3 cr\u00edticas de parte de organizaciones sociales, pero respaldo de la Iniciativa Privada y de representantes de la Iglesia.<\/p>\n\n\n\n<p>S\u00e1nchez Esquivel reconoci\u00f3 que en ese tema se debe encontrar la menara de generar equilibrios, pues destac\u00f3: \u201cEn muchos momentos ya no se sab\u00eda necesariamente quien era el que estaba tomando la caseta, esa es una realidad, en muchas ocasiones ya no eran estudiantes; eran ex estudiantes\u201d, anot\u00f3.<\/p>\n\n\n\n<p>Record\u00f3 que en el vecino estado de Morelos, hab\u00eda un grupo de personas ajeno a la Normal Rural, que de manera recurrente hac\u00eda presencia en las carreteras de cuota: \u201cHab\u00eda un grupo organizado por una lideresa, donde contrataba a personas campesinas, de extracci\u00f3n muy humilde, algunos ind\u00edgenas para tomar la caseta con el pretexto de que era un reclamo, cuando en realidad era un negocio\u201d, asever\u00f3.<\/p>\n\n\n\n<p>Dijo que en el movimiento en pro de la localizaci\u00f3n de los 43 \u201cse perdi\u00f3 la esencia\u201d.<\/p>\n\n\n\n<p>El coordinador de Morena en el Congreso de Guerrero, se manifest\u00f3 a favor de que se respete la libertad de expresi\u00f3n, siempre y cuando no se perjudique a terceros, \u201cque se entreguen los bolantes en los que vayan contenidos los reclamos, eso siempre se va a defender\u201d.<\/p>\n\n\n\n<p>Aclar\u00f3 que una cosa es reclamar justicia por situaciones deleznables que han sucedido en Guerrero, \u201cpero otra muy distinta es que algunos hagan un peque\u00f1o negocio, lastimando la econom\u00eda del pa\u00eds\u201d.<\/p>\n\n\n\n<p>Complement\u00f3: \u201cParecer\u00e1 que no es nada, pero al turista, al que viene para Acapulco y ve estas cosas pues no les genera confianza, t\u00fa los escuchas y no lo toman como los guerrerenses que aqu\u00ed vivimos, que estamos acostumbrados, a ellos les genera temor, les genera miedo\u201d.<\/p>\n\n\n\n<p>Pidi\u00f3 a las organizaciones sociales buscar otra alternativa para manifestarse, que sea m\u00e1s efectiva y que no sea tomando las casetas o cerrando la carretera.<\/p>\n\n\n\n<p>Asegur\u00f3: \u201cComenz\u00f3 con los estudiantes (de Ayotzinapa), pero se comenz\u00f3 a desvirtuar y ya hay otros grupos que nada tienen que ver con los muchachos, que bloquean y tambi\u00e9n piden recursos, pues primero era en la caseta de Palo Blanco, luego en la de Acapulco y la de Paso Morelos, en un solo d\u00eda estaban tomadas misteriosamente las tres casetas y parec\u00eda que se distribu\u00edan los estudiantes y los padres de los 43\u201d.<\/p>\n\n\n\n<p>Para el l\u00edder parlamentario de Morena, la decisi\u00f3n de impedir la toma de las casetas fue correcta, porque las acciones no eran exclusivas de un grupo social: \u201cyo creo que ya hab\u00eda gente que estaba abusando de esta situaci\u00f3n\u201d, insiste.<\/p>\n","protected":false},"excerpt":{"rendered":"<p>&#8211; \u201cComenz\u00f3 con los estudiantes y padres de los 43, pero ya hab\u00eda otros grupos que sacaban provecho\u201d, sostiene Alfredo S\u00e1nchez Esquivel&#8211; Pide que se busquen mecanismos m\u00e1s efectivos de&hellip; <\/p>\n","protected":false},"author":21,"featured_media":40940,"comment_status":"open","ping_status":"open","sticky":false,"template":"","format":"standard","meta":{"fifu_image_url":"","fifu_image_alt":"","footnotes":""},"categories":[2],"tags":[],"class_list":["post-40939","post","type-post","status-publish","format-standard","has-post-thumbnail","hentry","category-congreso"],"_links":{"self":[{"href":"https:\/\/www.interaccionnoticias.com.mx\/index.php?rest_route=\/wp\/v2\/posts\/40939","targetHints":{"allow":["GET"]}}],"collection":[{"href":"https:\/\/www.interaccionnoticias.com.mx\/index.php?rest_route=\/wp\/v2\/posts"}],"about":[{"href":"https:\/\/www.interaccionnoticias.com.mx\/index.php?rest_route=\/wp\/v2\/types\/post"}],"author":[{"embeddable":true,"href":"https:\/\/www.interaccionnoticias.com.mx\/index.php?rest_route=\/wp\/v2\/users\/21"}],"replies":[{"embeddable":true,"href":"https:\/\/www.interaccionnoticias.com.mx\/index.php?rest_route=%2Fwp%2Fv2%2Fcomments&post=40939"}],"version-history":[{"count":1,"href":"https:\/\/www.interaccionnoticias.com.mx\/index.php?rest_route=\/wp\/v2\/posts\/40939\/revisions"}],"predecessor-version":[{"id":40943,"href":"https:\/\/www.interaccionnoticias.com.mx\/index.php?rest_route=\/wp\/v2\/posts\/40939\/revisions\/40943"}],"wp:featuredmedia":[{"embeddable":true,"href":"https:\/\/www.interaccionnoticias.com.mx\/index.php?rest_route=\/wp\/v2\/media\/40940"}],"wp:attachment":[{"href":"https:\/\/www.interaccionnoticias.com.mx\/index.php?rest_route=%2Fwp%2Fv2%2Fmedia&parent=40939"}],"wp:term":[{"taxonomy":"category","embeddable":true,"href":"https:\/\/www.interaccionnoticias.com.mx\/index.php?rest_route=%2Fwp%2Fv2%2Fcategories&post=40939"},{"taxonomy":"post_tag","embeddable":true,"href":"https:\/\/www.interaccionnoticias.com.mx\/index.php?rest_route=%2Fwp%2Fv2%2Ftags&post=40939"}],"curies":[{"name":"wp","href":"https:\/\/api.w.org\/{rel}","templated":true}]}}