{"id":40924,"date":"2022-01-31T13:03:46","date_gmt":"2022-01-31T19:03:46","guid":{"rendered":"https:\/\/interaccionnoticias.com.mx\/?p=40924"},"modified":"2022-01-31T13:03:51","modified_gmt":"2022-01-31T19:03:51","slug":"renuncia-javier-taja-al-pri","status":"publish","type":"post","link":"https:\/\/www.interaccionnoticias.com.mx\/?p=40924","title":{"rendered":"Renuncia Javier Taja al PRI"},"content":{"rendered":"\n<p><strong><em>&#8211; Era uno de los funcionarios m\u00e1s importantes de Astudillo Flores<br>&#8211; Acusa viejas pr\u00e1cticas del priismo<\/em><\/strong><\/p>\n\n\n\n<p><strong>Javier Trujillo<\/strong><\/p>\n\n\n\n<p><strong>Acapulco, Gro.-<\/strong> Javier Taja Ram\u00edrez, ex funcionario de CICAEG, en el gobierno de H\u00e9ctor Astudillo Flores, hizo p\u00fablica su renuncia a su militancia pri\u00edsta, casi 24 d\u00edas despu\u00e9s de presentar su renuncia a la dirigencia nacional del CEN del PRI.<\/p>\n\n\n\n<p>\u00abLos tiempos pol\u00edticos han cambiando. Las costumbres de las herencias pol\u00edticas a familiares, pagos de cuota pol\u00edtica sin trabajo o representatividad, falta de impulso a nuevos cuadros, entre otras, son pr\u00e1cticas que han llevado al PRI al rechazo social y por ende a la derrota.<\/p>\n\n\n\n<p>\u00abRenovarse y erradicar estas pr\u00e1cticas debieron ser la salida y soluci\u00f3n, sin embargo, se han mantenido e incluso, se han intensificado en Guerrero\u00bb, se\u00f1ala en un escrito dirigido al l\u00edder nacional del CEN del PRI, Alejandro Moreno C\u00e1rdenas, de fecha siete de enero del 2022.<\/p>\n\n\n\n<p>En cuatro p\u00e1rrafos se\u00f1ala que encuentra incongruencia entre el actuar del partido y lo que exigen la ciudadan\u00eda, argumenta en su escrito, quien fuera uno de los funcionarios m\u00e1s importantes del grupo astudillista.<\/p>\n\n\n\n<p>Versiones pol\u00edticas, aseguran que se ir\u00e1 a reforzar en el estado de Guerrero, las filas de Movimiento Ciudadano.<\/p>\n\n\n\n<p>Se espera que en breve, su hermano, el dos veces candidato del PRI y del PRI-PRD, Ricardo Taja Ram\u00edrez, tambi\u00e9n haga efectiva su renuncia al Revolucionario Institucional.<\/p>\n","protected":false},"excerpt":{"rendered":"<p>&#8211; Era uno de los funcionarios m\u00e1s importantes de Astudillo Flores&#8211; Acusa viejas pr\u00e1cticas del priismo Javier Trujillo Acapulco, Gro.- Javier Taja Ram\u00edrez, ex funcionario de CICAEG, en el gobierno&hellip; <\/p>\n","protected":false},"author":3,"featured_media":40916,"comment_status":"open","ping_status":"open","sticky":false,"template":"","format":"standard","meta":{"fifu_image_url":"","fifu_image_alt":"","footnotes":""},"categories":[18],"tags":[],"class_list":["post-40924","post","type-post","status-publish","format-standard","has-post-thumbnail","hentry","category-partidos-politicos"],"_links":{"self":[{"href":"https:\/\/www.interaccionnoticias.com.mx\/index.php?rest_route=\/wp\/v2\/posts\/40924","targetHints":{"allow":["GET"]}}],"collection":[{"href":"https:\/\/www.interaccionnoticias.com.mx\/index.php?rest_route=\/wp\/v2\/posts"}],"about":[{"href":"https:\/\/www.interaccionnoticias.com.mx\/index.php?rest_route=\/wp\/v2\/types\/post"}],"author":[{"embeddable":true,"href":"https:\/\/www.interaccionnoticias.com.mx\/index.php?rest_route=\/wp\/v2\/users\/3"}],"replies":[{"embeddable":true,"href":"https:\/\/www.interaccionnoticias.com.mx\/index.php?rest_route=%2Fwp%2Fv2%2Fcomments&post=40924"}],"version-history":[{"count":1,"href":"https:\/\/www.interaccionnoticias.com.mx\/index.php?rest_route=\/wp\/v2\/posts\/40924\/revisions"}],"predecessor-version":[{"id":40925,"href":"https:\/\/www.interaccionnoticias.com.mx\/index.php?rest_route=\/wp\/v2\/posts\/40924\/revisions\/40925"}],"wp:featuredmedia":[{"embeddable":true,"href":"https:\/\/www.interaccionnoticias.com.mx\/index.php?rest_route=\/wp\/v2\/media\/40916"}],"wp:attachment":[{"href":"https:\/\/www.interaccionnoticias.com.mx\/index.php?rest_route=%2Fwp%2Fv2%2Fmedia&parent=40924"}],"wp:term":[{"taxonomy":"category","embeddable":true,"href":"https:\/\/www.interaccionnoticias.com.mx\/index.php?rest_route=%2Fwp%2Fv2%2Fcategories&post=40924"},{"taxonomy":"post_tag","embeddable":true,"href":"https:\/\/www.interaccionnoticias.com.mx\/index.php?rest_route=%2Fwp%2Fv2%2Ftags&post=40924"}],"curies":[{"name":"wp","href":"https:\/\/api.w.org\/{rel}","templated":true}]}}