{"id":40918,"date":"2022-01-31T12:44:19","date_gmt":"2022-01-31T18:44:19","guid":{"rendered":"https:\/\/interaccionnoticias.com.mx\/?p=40918"},"modified":"2022-01-31T12:44:24","modified_gmt":"2022-01-31T18:44:24","slug":"chilpancingo-continua-en-primer-lugar-de-contagios-de-covid-19","status":"publish","type":"post","link":"https:\/\/www.interaccionnoticias.com.mx\/?p=40918","title":{"rendered":"Chilpancingo continua en primer lugar de contagios de Covid-19"},"content":{"rendered":"\n<p><strong><em>&#8211; De 30 a 40 a\u00f1os, rango de edad en mayor riesgo de complicaciones<\/em><\/strong><\/p>\n\n\n\n<p><strong>Jes\u00fas Dorantes<\/strong><\/p>\n\n\n\n<p><strong>Chilpancingo , Gro.-<\/strong> El municipio de Chilpancingo encabeza por segunda semana consecutiva la lista de contagios de Covid-19 a nivel estatal, el virus repunt\u00f3 de manera importante en la zona rural de la capital.<\/p>\n\n\n\n<p>En la rueda de prensa de cada inicio de semana, la presidenta municipal, encabezada por la alcaldesa Norma Otilia Hern\u00e1ndez Mart\u00ednez, el secretario de Salud, Cipriano Guti\u00e9rrez Castro inform\u00f3 que hasta la semana pasada se ten\u00edan mil 400 casos activos, pero para estas alturas, la mitad ya se recuperaron.<\/p>\n\n\n\n<p>Indic\u00f3 que Chilpancingo continua en primer lugar de contagios, pero en segundo lugar en tasa de incidencia, ocupando el primero Tlapa de Comonfort.<\/p>\n\n\n\n<p>El incremento que provoc\u00f3 la cuarta ola de Covid-19 ha llegado a las comunidades de Petaquillas, Ocotito y Acahuizotla, por lo que el titular de salud municipal pidi\u00f3 extremar medidas de protecci\u00f3n, debido a que se tiene una tasa baja vacunaci\u00f3n en esas zonas.<\/p>\n\n\n\n<p>En el tema de efectividad de las vacunas, Cipriano Guti\u00e9rrez reiter\u00f3 que cuando se tiene el esquema completo de vacunaci\u00f3n representa una probabilidad del 1 % de ser hospitalizados, un esquema incompleto aumenta la probabilidad en un 3 % , siendo la poblaci\u00f3n que presenta mayores problemas con el virus los del rango de 30 a 40 a\u00f1os, edad en la que se inician con enfermedades cr\u00f3nico degenerativas.<\/p>\n","protected":false},"excerpt":{"rendered":"<p>&#8211; De 30 a 40 a\u00f1os, rango de edad en mayor riesgo de complicaciones Jes\u00fas Dorantes Chilpancingo , Gro.- El municipio de Chilpancingo encabeza por segunda semana consecutiva la lista&hellip; <\/p>\n","protected":false},"author":8,"featured_media":40914,"comment_status":"open","ping_status":"open","sticky":false,"template":"","format":"standard","meta":{"fifu_image_url":"","fifu_image_alt":"","footnotes":""},"categories":[3],"tags":[],"class_list":["post-40918","post","type-post","status-publish","format-standard","has-post-thumbnail","hentry","category-covid-19"],"_links":{"self":[{"href":"https:\/\/www.interaccionnoticias.com.mx\/index.php?rest_route=\/wp\/v2\/posts\/40918","targetHints":{"allow":["GET"]}}],"collection":[{"href":"https:\/\/www.interaccionnoticias.com.mx\/index.php?rest_route=\/wp\/v2\/posts"}],"about":[{"href":"https:\/\/www.interaccionnoticias.com.mx\/index.php?rest_route=\/wp\/v2\/types\/post"}],"author":[{"embeddable":true,"href":"https:\/\/www.interaccionnoticias.com.mx\/index.php?rest_route=\/wp\/v2\/users\/8"}],"replies":[{"embeddable":true,"href":"https:\/\/www.interaccionnoticias.com.mx\/index.php?rest_route=%2Fwp%2Fv2%2Fcomments&post=40918"}],"version-history":[{"count":1,"href":"https:\/\/www.interaccionnoticias.com.mx\/index.php?rest_route=\/wp\/v2\/posts\/40918\/revisions"}],"predecessor-version":[{"id":40919,"href":"https:\/\/www.interaccionnoticias.com.mx\/index.php?rest_route=\/wp\/v2\/posts\/40918\/revisions\/40919"}],"wp:featuredmedia":[{"embeddable":true,"href":"https:\/\/www.interaccionnoticias.com.mx\/index.php?rest_route=\/wp\/v2\/media\/40914"}],"wp:attachment":[{"href":"https:\/\/www.interaccionnoticias.com.mx\/index.php?rest_route=%2Fwp%2Fv2%2Fmedia&parent=40918"}],"wp:term":[{"taxonomy":"category","embeddable":true,"href":"https:\/\/www.interaccionnoticias.com.mx\/index.php?rest_route=%2Fwp%2Fv2%2Fcategories&post=40918"},{"taxonomy":"post_tag","embeddable":true,"href":"https:\/\/www.interaccionnoticias.com.mx\/index.php?rest_route=%2Fwp%2Fv2%2Ftags&post=40918"}],"curies":[{"name":"wp","href":"https:\/\/api.w.org\/{rel}","templated":true}]}}