{"id":40896,"date":"2022-01-30T13:32:01","date_gmt":"2022-01-30T19:32:01","guid":{"rendered":"https:\/\/interaccionnoticias.com.mx\/?p=40896"},"modified":"2022-01-30T13:50:08","modified_gmt":"2022-01-30T19:50:08","slug":"condena-cndh-actuar-de-autoridades-contra-padres-de-los-43-y-estudiantes-de-ayotzinapa","status":"publish","type":"post","link":"https:\/\/www.interaccionnoticias.com.mx\/?p=40896","title":{"rendered":"Condena CNDH actuar de autoridades contra padres de los 43 y estudiantes de Ayotzinapa"},"content":{"rendered":"\n<p><strong>Jes\u00fas Dorantes<\/strong><\/p>\n\n\n\n<p><strong>Chilpancingo,Gro.-<\/strong> La Comisi\u00f3n Nacional de los Derechos Humanos (CNDH) en M\u00e9xico conden\u00f3 los actos de la policia del estado de Guerrero y la Guardia Nacional del pasado viernes 28 de enero en la caseta de Palo Blanco, al impedir que esta fuera tomada y se realizara las actividades de los padres de los 43 y estudiantes de Ayotzinapa.<\/p>\n\n\n\n<p>Por medio de un comunicado oficial la CNDH calific\u00f3 como actos de intimidaci\u00f3n y censura por parte de las autoridades el operativo desplegado en Chilpancingo en la autopista del Sol.<\/p>\n\n\n\n<p>En el comunicado se se\u00f1ala que como mes los integrantes del movimiento \u00abNos faltan 43\u00bb acuden a difundir informaci\u00f3n del casos de la desaparici\u00f3n de los j\u00f3venes estudiantes y realizar manifestaciones pac\u00edficas.<\/p>\n\n\n\n<p>Acciones que se vieron neutralizadas por elementos del orden p\u00fablico, impidiendo as\u00ed que ejercieran su derecho de reuni\u00f3n, asociaci\u00f3n y expresi\u00f3n establecidos en las leyes nacionales e internacionales.<\/p>\n\n\n\n<p>Por lo que la CNDH hizo un exhorto al gobierno estatal y federal para que garanticen los derechos humanos y de lucha para conocer la vedad y se haga justicia en el \u00abCaso Iguala&#8217; .<\/p>\n","protected":false},"excerpt":{"rendered":"<p>Jes\u00fas Dorantes Chilpancingo,Gro.- La Comisi\u00f3n Nacional de los Derechos Humanos (CNDH) en M\u00e9xico conden\u00f3 los actos de la policia del estado de Guerrero y la Guardia Nacional del pasado viernes&hellip; <\/p>\n","protected":false},"author":8,"featured_media":40897,"comment_status":"open","ping_status":"open","sticky":false,"template":"","format":"standard","meta":{"fifu_image_url":"","fifu_image_alt":"","footnotes":""},"categories":[15],"tags":[],"class_list":["post-40896","post","type-post","status-publish","format-standard","has-post-thumbnail","hentry","category-movimientos-sociales"],"_links":{"self":[{"href":"https:\/\/www.interaccionnoticias.com.mx\/index.php?rest_route=\/wp\/v2\/posts\/40896","targetHints":{"allow":["GET"]}}],"collection":[{"href":"https:\/\/www.interaccionnoticias.com.mx\/index.php?rest_route=\/wp\/v2\/posts"}],"about":[{"href":"https:\/\/www.interaccionnoticias.com.mx\/index.php?rest_route=\/wp\/v2\/types\/post"}],"author":[{"embeddable":true,"href":"https:\/\/www.interaccionnoticias.com.mx\/index.php?rest_route=\/wp\/v2\/users\/8"}],"replies":[{"embeddable":true,"href":"https:\/\/www.interaccionnoticias.com.mx\/index.php?rest_route=%2Fwp%2Fv2%2Fcomments&post=40896"}],"version-history":[{"count":1,"href":"https:\/\/www.interaccionnoticias.com.mx\/index.php?rest_route=\/wp\/v2\/posts\/40896\/revisions"}],"predecessor-version":[{"id":40898,"href":"https:\/\/www.interaccionnoticias.com.mx\/index.php?rest_route=\/wp\/v2\/posts\/40896\/revisions\/40898"}],"wp:featuredmedia":[{"embeddable":true,"href":"https:\/\/www.interaccionnoticias.com.mx\/index.php?rest_route=\/wp\/v2\/media\/40897"}],"wp:attachment":[{"href":"https:\/\/www.interaccionnoticias.com.mx\/index.php?rest_route=%2Fwp%2Fv2%2Fmedia&parent=40896"}],"wp:term":[{"taxonomy":"category","embeddable":true,"href":"https:\/\/www.interaccionnoticias.com.mx\/index.php?rest_route=%2Fwp%2Fv2%2Fcategories&post=40896"},{"taxonomy":"post_tag","embeddable":true,"href":"https:\/\/www.interaccionnoticias.com.mx\/index.php?rest_route=%2Fwp%2Fv2%2Ftags&post=40896"}],"curies":[{"name":"wp","href":"https:\/\/api.w.org\/{rel}","templated":true}]}}