{"id":40890,"date":"2022-01-29T11:53:04","date_gmt":"2022-01-29T17:53:04","guid":{"rendered":"https:\/\/interaccionnoticias.com.mx\/?p=40890"},"modified":"2022-01-29T11:53:09","modified_gmt":"2022-01-29T17:53:09","slug":"liberan-la-carretera-federal-chilpancingo-tlapa","status":"publish","type":"post","link":"https:\/\/www.interaccionnoticias.com.mx\/?p=40890","title":{"rendered":"Liberan la carretera federal Chilpancingo-Tlapa"},"content":{"rendered":"\n<p><strong><em>&#8211; No aparecen, los integrantes del CIPOG reportados como desaparecidos<\/em><\/strong><\/p>\n\n\n\n<p><strong>Rogelio Agust\u00edn<\/strong><\/p>\n\n\n\n<p>Sin lograr la presentaci\u00f3n con vida de sus dos compa\u00f1eros desaparecidos, integrantes del Consejo Ind\u00edgena Popular del Estado de Guerrero (CIPOG) liberaron la carretera federal Chilpancingo-Tlapa, la que mantuvieron bloqueada durante dos d\u00edas.<\/p>\n\n\n\n<p>Jos\u00e9 Francisco Rodr\u00edguez, director de Gobernaci\u00f3n Estatal confirm\u00f3 que la noche del viernes 28 de enero, los dirigentes del CIPOG retiraron el plant\u00f3n que manten\u00edan en el crucero de Atlixtac.<\/p>\n\n\n\n<p>A partir de ese momento, la circulaci\u00f3n de los veh\u00edculos se restableci\u00f3.<\/p>\n\n\n\n<p>Sin embargo, hasta el momento en que los manifestantes se retiraron, todav\u00eda no se localizaba a dos activistas del Consejo Ind\u00edgena; Pablo Hilario Morales y Samuel Hern\u00e1ndez S\u00e1nchez, de quienes se desconoce el paradero desde la tarde del 25 de enero.<\/p>\n\n\n\n<p>Los integrantes del CIPOG hab\u00edan instalado un bloqueo m\u00e1s la ma\u00f1ana del s\u00e1bado en el crucero de Alcozac\u00e1n, sobre la carretera estatal Chilapa-Jos\u00e9 Joaqu\u00edn de Herrera, pero solo permanecieron por espacio de dos horas.<\/p>\n","protected":false},"excerpt":{"rendered":"<p>&#8211; No aparecen, los integrantes del CIPOG reportados como desaparecidos Rogelio Agust\u00edn Sin lograr la presentaci\u00f3n con vida de sus dos compa\u00f1eros desaparecidos, integrantes del Consejo Ind\u00edgena Popular del Estado&hellip; <\/p>\n","protected":false},"author":21,"featured_media":40854,"comment_status":"open","ping_status":"open","sticky":false,"template":"","format":"standard","meta":{"fifu_image_url":"","fifu_image_alt":"","footnotes":""},"categories":[15],"tags":[],"class_list":["post-40890","post","type-post","status-publish","format-standard","has-post-thumbnail","hentry","category-movimientos-sociales"],"_links":{"self":[{"href":"https:\/\/www.interaccionnoticias.com.mx\/index.php?rest_route=\/wp\/v2\/posts\/40890","targetHints":{"allow":["GET"]}}],"collection":[{"href":"https:\/\/www.interaccionnoticias.com.mx\/index.php?rest_route=\/wp\/v2\/posts"}],"about":[{"href":"https:\/\/www.interaccionnoticias.com.mx\/index.php?rest_route=\/wp\/v2\/types\/post"}],"author":[{"embeddable":true,"href":"https:\/\/www.interaccionnoticias.com.mx\/index.php?rest_route=\/wp\/v2\/users\/21"}],"replies":[{"embeddable":true,"href":"https:\/\/www.interaccionnoticias.com.mx\/index.php?rest_route=%2Fwp%2Fv2%2Fcomments&post=40890"}],"version-history":[{"count":1,"href":"https:\/\/www.interaccionnoticias.com.mx\/index.php?rest_route=\/wp\/v2\/posts\/40890\/revisions"}],"predecessor-version":[{"id":40891,"href":"https:\/\/www.interaccionnoticias.com.mx\/index.php?rest_route=\/wp\/v2\/posts\/40890\/revisions\/40891"}],"wp:featuredmedia":[{"embeddable":true,"href":"https:\/\/www.interaccionnoticias.com.mx\/index.php?rest_route=\/wp\/v2\/media\/40854"}],"wp:attachment":[{"href":"https:\/\/www.interaccionnoticias.com.mx\/index.php?rest_route=%2Fwp%2Fv2%2Fmedia&parent=40890"}],"wp:term":[{"taxonomy":"category","embeddable":true,"href":"https:\/\/www.interaccionnoticias.com.mx\/index.php?rest_route=%2Fwp%2Fv2%2Fcategories&post=40890"},{"taxonomy":"post_tag","embeddable":true,"href":"https:\/\/www.interaccionnoticias.com.mx\/index.php?rest_route=%2Fwp%2Fv2%2Ftags&post=40890"}],"curies":[{"name":"wp","href":"https:\/\/api.w.org\/{rel}","templated":true}]}}