{"id":40880,"date":"2022-01-28T19:04:24","date_gmt":"2022-01-29T01:04:24","guid":{"rendered":"https:\/\/interaccionnoticias.com.mx\/?p=40880"},"modified":"2022-01-28T22:58:36","modified_gmt":"2022-01-29T04:58:36","slug":"monreal-no-teme-ser-excluido-del-testamento-politico-de-amlo","status":"publish","type":"post","link":"https:\/\/www.interaccionnoticias.com.mx\/?p=40880","title":{"rendered":"Monreal no teme ser excluido del \u201ctestamento pol\u00edtico\u201d de AMLO"},"content":{"rendered":"\n<p><strong><em>&#8211; \u201cPelearse con el presidente es pelearse con la historia\u201d, se\u00f1ala en Chilpancingo<\/em><\/strong><\/p>\n\n\n\n<p><strong>Rogelio Agust\u00edn<\/strong><\/p>\n\n\n\n<p>El presidente de la Junta de Coordinaci\u00f3n Pol\u00edtica (Jucopo) del Senado de la Rep\u00fablica, Ricardo Monreal \u00c1vila sostuvo que no teme ser excluido del testamento pol\u00edtico del presidente de la Rep\u00fablica, Andr\u00e9s Manuel L\u00f3pez Obrador, pero ratific\u00f3 su inter\u00e9s de encabezar a Morena en los comicios federales de 2024.<\/p>\n\n\n\n<p>En Chilpancingo, Moreal Avila se asumi\u00f3 como un actor pol\u00edtico que tiene criterio propio, que sabe muy bien qu\u00e9 es lo que le conviene al pa\u00eds y el rumbo que debe seguir el Movimiento de Regeneraci\u00f3pn Nacional (Morena).<\/p>\n\n\n\n<p>Reiter\u00f3 que nuna entrar\u00eda en conflicto con el actual titular del Poder Ejecutivo federal, con quien lleva m\u00e1s de un cuarto de siglo como aliado pol\u00edtico.<\/p>\n\n\n\n<p>\u201cPelearse con Andr\u00e9s Manuel L\u00f3pez Obrador es como pelearse con la historia\u201d, indic\u00f3 el ex gobernador de Zacatecas.<\/p>\n\n\n\n<p>Sin embargo, destac\u00f3 que tiene mucha claridad respecto al proceso de transformaci\u00f3n que vive el pa\u00eds, as\u00ed com la ruta que se debe seguir para avanzar en la b\u00fasqueda del desarrollo.<\/p>\n\n\n\n<p>Indic\u00f3 que quien vaya a suceder al actual presidente de la Rep\u00fablica, deben tener muy claro cuales son los retos que se van a enfrentar.<\/p>\n\n\n\n<p>\u201cYo me siento con la capacidad y la plenitud como para poder&nbsp;&nbsp;refrendar el triunfo de Morena en el pa\u00eds, m\u00e1s a\u00fan, de profundiar ael cambio que comenz\u00f3 desde 2018\u201d.<\/p>\n\n\n\n<p>Cuestionado sobre el testamento que el presidente L\u00f3pez Obrador mencion\u00f3 recientemente, Monreal Avila mencion\u00f3 que no teme estar excluido de dicho documento.&nbsp;&nbsp;<\/p>\n\n\n\n<p>\u201cNo temo estar fuera, se trata de un testamento politico que solo \u00e9l conoce, que \u00e9l redacto y que lo tiene el notario que \u00e9l decidi\u00f3\u201d.<\/p>\n\n\n\n<p>Record\u00f3 que un testamento, es un documento en el que las personas declaran a favor de quien estar\u00e1n los bienes que dejar\u00e1 en caso de que la vida termine, lo que plantra un escenario que muchos prefieren que no&nbsp;&nbsp;se presente.&nbsp;&nbsp;<\/p>\n\n\n\n<p>\u201cEl presidente al hablar de un testamento politico, establece lo que pretende que debe ser el movimiento; que no se divida, que permanezca unido, que los idelaes no se pierdan y que entre otras cosas, no se cambie de nombre del partido\u201d, anot\u00f3.<\/p>\n\n\n\n<p>Luego se\u00f1al\u00f3: \u201cMe imagino que es eso, pero nadie lo sabr\u00e1 porque un testamento se conoce hasta que la persona muera y no creo que eso suceda, ni lo deseamos\u201d.<\/p>\n\n\n\n<p><strong>Admite \u201cintrigas palaciegas\u201d<\/strong><\/p>\n\n\n\n<p>Ricardo Monreal fue cuestionado respecto a si en algunos momentos, se considera como inc\u00f3modo para algunos actores pol\u00edticos, sobre todo los que son cercanos al presidente de la Rep\u00fablica.&nbsp; &nbsp;<\/p>\n\n\n\n<p>Refiere que en un sucesion adelantada, como la que se vive en M\u00e9xico, \u201cnormalmente se generan o construyen grupos poiticos en torno a la persona a la que probablemente se haya expresado alguna ventaja; los grupos generan intrigas palacegas, golpes, denostacion o descalificacion nuestra, por razones de pertenencia a otro grupo que desean que contin\u00fae\u201d.<\/p>\n\n\n\n<p>Bajo dicha circunstancia, reconoci\u00f3 que inevitablemente,&nbsp;<\/p>\n\n\n\n<p>resultar\u00e1 incomodo para quienes pertenecen a los grupos que aspiran a lo misma posici\u00f3n que \u00e9l, en este caso la candidatura presidencial de 2024.<\/p>\n\n\n\n<p>Anye dicha circunstancia, coment\u00f3 que debe actuar con mucha inteligencia: \u201cPor eso es que intentamos no perder los estribos y generar procesos de conciliaci\u00f3n, no de confrontaci\u00f3n\u201d.<\/p>\n","protected":false},"excerpt":{"rendered":"<p>&#8211; \u201cPelearse con el presidente es pelearse con la historia\u201d, se\u00f1ala en Chilpancingo Rogelio Agust\u00edn El presidente de la Junta de Coordinaci\u00f3n Pol\u00edtica (Jucopo) del Senado de la Rep\u00fablica, Ricardo&hellip; <\/p>\n","protected":false},"author":21,"featured_media":40881,"comment_status":"open","ping_status":"open","sticky":false,"template":"","format":"standard","meta":{"fifu_image_url":"","fifu_image_alt":"","footnotes":""},"categories":[18],"tags":[],"class_list":["post-40880","post","type-post","status-publish","format-standard","has-post-thumbnail","hentry","category-partidos-politicos"],"_links":{"self":[{"href":"https:\/\/www.interaccionnoticias.com.mx\/index.php?rest_route=\/wp\/v2\/posts\/40880","targetHints":{"allow":["GET"]}}],"collection":[{"href":"https:\/\/www.interaccionnoticias.com.mx\/index.php?rest_route=\/wp\/v2\/posts"}],"about":[{"href":"https:\/\/www.interaccionnoticias.com.mx\/index.php?rest_route=\/wp\/v2\/types\/post"}],"author":[{"embeddable":true,"href":"https:\/\/www.interaccionnoticias.com.mx\/index.php?rest_route=\/wp\/v2\/users\/21"}],"replies":[{"embeddable":true,"href":"https:\/\/www.interaccionnoticias.com.mx\/index.php?rest_route=%2Fwp%2Fv2%2Fcomments&post=40880"}],"version-history":[{"count":1,"href":"https:\/\/www.interaccionnoticias.com.mx\/index.php?rest_route=\/wp\/v2\/posts\/40880\/revisions"}],"predecessor-version":[{"id":40882,"href":"https:\/\/www.interaccionnoticias.com.mx\/index.php?rest_route=\/wp\/v2\/posts\/40880\/revisions\/40882"}],"wp:featuredmedia":[{"embeddable":true,"href":"https:\/\/www.interaccionnoticias.com.mx\/index.php?rest_route=\/wp\/v2\/media\/40881"}],"wp:attachment":[{"href":"https:\/\/www.interaccionnoticias.com.mx\/index.php?rest_route=%2Fwp%2Fv2%2Fmedia&parent=40880"}],"wp:term":[{"taxonomy":"category","embeddable":true,"href":"https:\/\/www.interaccionnoticias.com.mx\/index.php?rest_route=%2Fwp%2Fv2%2Fcategories&post=40880"},{"taxonomy":"post_tag","embeddable":true,"href":"https:\/\/www.interaccionnoticias.com.mx\/index.php?rest_route=%2Fwp%2Fv2%2Ftags&post=40880"}],"curies":[{"name":"wp","href":"https:\/\/api.w.org\/{rel}","templated":true}]}}