{"id":40877,"date":"2022-01-28T18:07:24","date_gmt":"2022-01-29T00:07:24","guid":{"rendered":"https:\/\/interaccionnoticias.com.mx\/?p=40877"},"modified":"2022-01-28T18:07:29","modified_gmt":"2022-01-29T00:07:29","slug":"senado-de-la-republica-analizara-la-estrategia-de-seguridad-anticipa-monreal","status":"publish","type":"post","link":"https:\/\/www.interaccionnoticias.com.mx\/?p=40877","title":{"rendered":"Senado de la Rep\u00fablica analizar\u00e1 la estrategia de seguridad, anticipa Monreal"},"content":{"rendered":"\n<p><strong><em>&#8211; No se trata de descalificar a nadie, aclara el presidente de la Jucopo <br>&#8211; Hay que reforzar los puntos considerados como focos rojos, dice Mancera<\/em><\/strong>\u00a0<\/p>\n\n\n\n<p><strong>Rogelio Agust\u00edn<\/strong><\/p>\n\n\n\n<p>En breve, el Senado de la Rep\u00fablica habr\u00e1 de revisar la estrategia de seguridad que se implementa en el pa\u00eds, pues el presidente de la Junta de Coordinaci\u00f3n Pol\u00edtica (Jucopo), Ricardo Monreal Avila reconoce que ese es uno de los grandes pendientes que tiene&nbsp;&nbsp;la Cuarta Transformaci\u00f3n.<\/p>\n\n\n\n<p>En Chilpancingo, Monreal Avila estuvo junto con su hom\u00f3logo del PRD, Miguel Angel Mancera y el pri\u00edsta Manuel A\u00f1orve Ba\u00f1os, a invitaci\u00f3n de la dirigencia local de la Confederaci\u00f3n Patronal de la Rep\u00fablica Mexicana (Coparmex).<\/p>\n\n\n\n<p>Durante un encuentro con los medios, Ricardo Monreal manifest\u00f3 que en fechas pr\u00f3ximas, el Senado de la Rep\u00fablica se dar\u00e1 a la tarea de revisar la estrategia de Seguridad que se implementa actualente en el pa\u00eds.<\/p>\n\n\n\n<p>Indic\u00f3 que la revisi\u00f3n de la estrategia, se plantea como un tema muy sensible y serio, que no tiene el \u00e1nimo de descalificar a nadie.<\/p>\n\n\n\n<p>Indic\u00f3: \u201cCreo que uno de los temas pendientes que tenemos como Cuarta Transformaci\u00f3n, es la seguridad en el pa\u00eds\u201d.<\/p>\n\n\n\n<p>Respecto a la situaci\u00f3n que prevalece en Guerrero, Monreal Avila explic\u00f3 que cada que inicia un gobierno, es evidente que los grupos del crimen organizado realizan algunas acciones para poner a prueba a las administraciones entrantes.<\/p>\n\n\n\n<p>\u201cYo ya fui gobernador (en Zacatecas) y parece que los grupos criminales te ponen a pruena, creo que Evelyn Salgado tiene car\u00e1cter\u201d, anot\u00f3.<\/p>\n\n\n\n<p>Sobre el tema, el perredista Miguel Angel Mancera destac\u00f3 que en todo caso, lo que procede es \u201creforzar lo que se tenga que reforzar, como se hac\u00eda antes y como se ha hecho\u00a0en otras ocasiones\u201d.<\/p>\n\n\n\n<p>El ex jefe de Gobierno de la Ciudad de M\u00e9xico, destac\u00f3 que se tiene que dar el apoyo anecesario a los puntos que se tengan ubicados como focos rojos, para evitar que los indicadores de violencia prevalezcan.<\/p>\n\n\n\n<p>El senador por Guerrero, Manuel A\u00f1orve Ba\u00f1os llam\u00f3 a cerrrar filas en torno a las acciones que se implementan con la intenci\u00f3n de generar un ambiente de paz.<\/p>\n\n\n\n<p>En el caso de Guerrero, indic\u00f3 que se tiene que establecer un dialogo permanente con las polic\u00edas comunitarias que aqu\u00ed existen, para garantizar que se mantengan dentro del marco legal.<\/p>\n\n\n\n<p>Tambi\u00e9n, dijo que la Guardia Nacional y particularmente las fuerzas federales, deben realizar las acciones necesarias para contener los indices de inseguridad, que en algunas ocasiones se disparan.<\/p>\n","protected":false},"excerpt":{"rendered":"<p>&#8211; No se trata de descalificar a nadie, aclara el presidente de la Jucopo &#8211; Hay que reforzar los puntos considerados como focos rojos, dice Mancera\u00a0 Rogelio Agust\u00edn En breve,&hellip; <\/p>\n","protected":false},"author":21,"featured_media":40878,"comment_status":"open","ping_status":"open","sticky":false,"template":"","format":"standard","meta":{"fifu_image_url":"","fifu_image_alt":"","footnotes":""},"categories":[27],"tags":[],"class_list":["post-40877","post","type-post","status-publish","format-standard","has-post-thumbnail","hentry","category-seguridad-publica"],"_links":{"self":[{"href":"https:\/\/www.interaccionnoticias.com.mx\/index.php?rest_route=\/wp\/v2\/posts\/40877","targetHints":{"allow":["GET"]}}],"collection":[{"href":"https:\/\/www.interaccionnoticias.com.mx\/index.php?rest_route=\/wp\/v2\/posts"}],"about":[{"href":"https:\/\/www.interaccionnoticias.com.mx\/index.php?rest_route=\/wp\/v2\/types\/post"}],"author":[{"embeddable":true,"href":"https:\/\/www.interaccionnoticias.com.mx\/index.php?rest_route=\/wp\/v2\/users\/21"}],"replies":[{"embeddable":true,"href":"https:\/\/www.interaccionnoticias.com.mx\/index.php?rest_route=%2Fwp%2Fv2%2Fcomments&post=40877"}],"version-history":[{"count":1,"href":"https:\/\/www.interaccionnoticias.com.mx\/index.php?rest_route=\/wp\/v2\/posts\/40877\/revisions"}],"predecessor-version":[{"id":40879,"href":"https:\/\/www.interaccionnoticias.com.mx\/index.php?rest_route=\/wp\/v2\/posts\/40877\/revisions\/40879"}],"wp:featuredmedia":[{"embeddable":true,"href":"https:\/\/www.interaccionnoticias.com.mx\/index.php?rest_route=\/wp\/v2\/media\/40878"}],"wp:attachment":[{"href":"https:\/\/www.interaccionnoticias.com.mx\/index.php?rest_route=%2Fwp%2Fv2%2Fmedia&parent=40877"}],"wp:term":[{"taxonomy":"category","embeddable":true,"href":"https:\/\/www.interaccionnoticias.com.mx\/index.php?rest_route=%2Fwp%2Fv2%2Fcategories&post=40877"},{"taxonomy":"post_tag","embeddable":true,"href":"https:\/\/www.interaccionnoticias.com.mx\/index.php?rest_route=%2Fwp%2Fv2%2Ftags&post=40877"}],"curies":[{"name":"wp","href":"https:\/\/api.w.org\/{rel}","templated":true}]}}