{"id":40864,"date":"2022-01-28T16:14:27","date_gmt":"2022-01-28T22:14:27","guid":{"rendered":"https:\/\/interaccionnoticias.com.mx\/?p=40864"},"modified":"2022-01-28T16:14:32","modified_gmt":"2022-01-28T22:14:32","slug":"despues-de-seis-anos-impiden-que-padres-de-los-43-y-estudiantes-de-ayotzinapa-tomen-las-casetas-de-la-autopista-del-sol","status":"publish","type":"post","link":"https:\/\/www.interaccionnoticias.com.mx\/?p=40864","title":{"rendered":"Despues de seis a\u00f1os, impiden que padres de los 43 y estudiantes de Ayotzinapa tomen las casetas de la Autopista del Sol"},"content":{"rendered":"\n<p><strong><em>&#8211; Primero se despliega la Guardia Nacional (GN), luego la Polic\u00eda del Estado, ambas corporaciones con equipo antimot\u00edn<\/em><\/strong>\u00a0<\/p>\n\n\n\n<p><strong>Rogelio Agust\u00edn<\/strong><\/p>\n\n\n\n<p>Por primera ocasi\u00f3n en m\u00e1s de seis a\u00f1os, elementos de la Guardia Nacional (GN) y Polic\u00edas del Estado (PE), todos con equipo antimot\u00edn, impidieron que padres de los 43 desaparecidos desde la noche del 26 de septiembre de 2014, acompa\u00f1ados con estudiantes de la Normal Rural de Ayotzinapa tomaran la caseta de peaje de Palo Blanco, en la Autopista del Sol.<\/p>\n\n\n\n<p>La ma\u00f1ana del viernes 28 de enero, personal de la corporaci\u00f3n federal se instal\u00f3 sobre los carriles norte y sur de la carretera de cuota, con la consigna de impedir que grupos sociales se apoderaran de los m\u00f3dulos de cobro para pedir la cooperaci\u00f3n econ\u00f3mica de los automovilistas.<\/p>\n\n\n\n<p>Todos los guardias portaban escudos y una vez que los estudiantes y padres llegaron a bordo de tres autobuses, se formaron a lo ancho de la cinta asf\u00e1ltica para impedirles el paso.<\/p>\n\n\n\n<p>De manera simult\u00e1nea, en el punto conocido como Parador del Marqu\u00e9s, unidades del sector caminos&nbsp;&nbsp;colocaron un filtro para desviar la circulaci\u00f3n de los veh\u00edculos y con ello evitar el paso de los automovilistas, a los cuales canalizaron a trav\u00e9s de la carretera federal M\u00e9xico-Acapulco.<\/p>\n\n\n\n<p>De inmediato, los padres de familia reprocharon la actitud del personal de la GN, pues manifestaron que no solo pretend\u00edan pedir la cooperaci\u00f3n de los automovilistas, pues cada que se instalan, tambi\u00e9n distribuyen bolantes informativos, en los que van algunops n\u00fameros de contacto, los que ponen a disposici\u00f3n de cualquier ciudadano que pueda aportar datos relacionados con el paradero de sus hijos.<\/p>\n\n\n\n<p>Lo anterior, porque se\u00f1alan que a m\u00e1s de tres a\u00f1os de la presente administraci\u00f3n, el Gobierno de la Rep\u00fablica, encabezado por Andr\u00e9s Manuel L\u00f3pez Obrador, no ha generado avances reales en torno al caso, pues no se tiene certeza del destino de los j\u00f3venes desaparecidos.<\/p>\n\n\n\n<p><strong>Se reforzaron los contingentes<\/strong><\/p>\n\n\n\n<p>Pasados las 12:00 horas, los elementos de la GN fueron reforzados por personal de la Polic\u00eda del Estado (PF), que lleg\u00f3 al lugar tambi\u00e9n con escudos y toletes para reforzar el cerco establecido en torno a la caseta.<\/p>\n\n\n\n<p>A los pocos minutos arrib\u00f3 un autob\u00fas repleto de m\u00e1s estudiantes normalistas, enseguida las consignas que se lanzaban contra las dos corporaciones se intensificaron.<\/p>\n\n\n\n<p>Un cami\u00f3n con personal femenil de la GN lleg\u00f3, todas tambi\u00e9n estaban equipadas para disilver manifestaciones.<\/p>\n\n\n\n<p>Para las 12:40 horas, despu\u00e9s de lanzar consignas y de sostener una reuni\u00f3n sobre la carretera, los representantes del colectivo de padres de familia, as\u00ed como los estudiantes acordaron retirarse del lugar, molestos por el trato que recibieron de los gobiernos del Estado y la Federaci\u00f3n.<\/p>\n\n\n\n<p>Durante el tiempo en que estudiantes y padres de los 43 permanecieron frente a los cuerpos de seguridad, no se observ\u00f3 a ning\u00fan operador pol\u00edtico que se acercara para proponer la instalaci\u00f3n de alguna mesa de dialogo.<\/p>\n\n\n\n<p>Fue la primera ocasi\u00f3n, en m\u00e1s de seis a\u00f1os en que se impidi\u00f3 que los normalistas y los padres agraviados por los hechos de Iguala tomaran la caseta.<\/p>\n\n\n\n<p>Durante toda la administraci\u00f3n anterior, encabezada por el pri\u00edsta H\u00e9ctor Astudillo Flores, siempre se permiti\u00f3 que tanto los estudiantes como los padres de los 43 se instalaran en la caseta.<\/p>\n\n\n\n<p>En varias ocasiones, el ex gobernador manifest\u00f3 que no realizar\u00eda una acci\u00f3n que profundizara una la que representa el Caso Iguala.<\/p>\n\n\n\n<p>A finales de 2021, el Senado de la Rep\u00fablica aprob\u00f3 una reforma que sanciona hasta con siete a\u00f1os de prisi\u00f3n a quien tome las casetas de peaje de las carreteras de cuota.<\/p>\n","protected":false},"excerpt":{"rendered":"<p>&#8211; Primero se despliega la Guardia Nacional (GN), luego la Polic\u00eda del Estado, ambas corporaciones con equipo antimot\u00edn\u00a0 Rogelio Agust\u00edn Por primera ocasi\u00f3n en m\u00e1s de seis a\u00f1os, elementos de&hellip; <\/p>\n","protected":false},"author":21,"featured_media":40865,"comment_status":"open","ping_status":"open","sticky":false,"template":"","format":"standard","meta":{"fifu_image_url":"","fifu_image_alt":"","footnotes":""},"categories":[15],"tags":[],"class_list":["post-40864","post","type-post","status-publish","format-standard","has-post-thumbnail","hentry","category-movimientos-sociales"],"_links":{"self":[{"href":"https:\/\/www.interaccionnoticias.com.mx\/index.php?rest_route=\/wp\/v2\/posts\/40864","targetHints":{"allow":["GET"]}}],"collection":[{"href":"https:\/\/www.interaccionnoticias.com.mx\/index.php?rest_route=\/wp\/v2\/posts"}],"about":[{"href":"https:\/\/www.interaccionnoticias.com.mx\/index.php?rest_route=\/wp\/v2\/types\/post"}],"author":[{"embeddable":true,"href":"https:\/\/www.interaccionnoticias.com.mx\/index.php?rest_route=\/wp\/v2\/users\/21"}],"replies":[{"embeddable":true,"href":"https:\/\/www.interaccionnoticias.com.mx\/index.php?rest_route=%2Fwp%2Fv2%2Fcomments&post=40864"}],"version-history":[{"count":1,"href":"https:\/\/www.interaccionnoticias.com.mx\/index.php?rest_route=\/wp\/v2\/posts\/40864\/revisions"}],"predecessor-version":[{"id":40866,"href":"https:\/\/www.interaccionnoticias.com.mx\/index.php?rest_route=\/wp\/v2\/posts\/40864\/revisions\/40866"}],"wp:featuredmedia":[{"embeddable":true,"href":"https:\/\/www.interaccionnoticias.com.mx\/index.php?rest_route=\/wp\/v2\/media\/40865"}],"wp:attachment":[{"href":"https:\/\/www.interaccionnoticias.com.mx\/index.php?rest_route=%2Fwp%2Fv2%2Fmedia&parent=40864"}],"wp:term":[{"taxonomy":"category","embeddable":true,"href":"https:\/\/www.interaccionnoticias.com.mx\/index.php?rest_route=%2Fwp%2Fv2%2Fcategories&post=40864"},{"taxonomy":"post_tag","embeddable":true,"href":"https:\/\/www.interaccionnoticias.com.mx\/index.php?rest_route=%2Fwp%2Fv2%2Ftags&post=40864"}],"curies":[{"name":"wp","href":"https:\/\/api.w.org\/{rel}","templated":true}]}}